{"id":165699,"date":"2020-04-23T13:11:03","date_gmt":"2020-04-23T16:11:03","guid":{"rendered":"http:\/\/www.caririemacao.com\/1\/?p=165699"},"modified":"2020-04-23T13:11:05","modified_gmt":"2020-04-23T16:11:05","slug":"acude-de-camalau-atinge-a-sua-capacidade-maxima-e-comeca-a-sangrar-aguas-seguem-para-boqueirao","status":"publish","type":"post","link":"https:\/\/www.caririemacao.com\/1\/2020\/04\/23\/acude-de-camalau-atinge-a-sua-capacidade-maxima-e-comeca-a-sangrar-aguas-seguem-para-boqueirao\/","title":{"rendered":"A\u00e7ude de Camala\u00fa atinge a sua capacidade m\u00e1xima e come\u00e7a a sangrar; \u00e1guas seguem para Boqueir\u00e3o"},"content":{"rendered":"\n<p>Nas primeiras horas desta quinta-feira(23), o a\u00e7ude p\u00fablico do munic\u00edpio de Camala\u00fa, localizado no Cariri paraibano, atingiu a sua capacidade m\u00e1xima e come\u00e7ou a sangrar.<\/p>\n\n\n\n<p>Os moradores da cidade estavam na expectativa durante a madrugada e ao amanhecer puderam vislumbrar a grande maravilha das \u00e1guas transcorrendo pelo sangradouro do manancial.<\/p>\n\n\n\n<p>Localizada na Regi\u00e3o do Alto Curso do Rio Para\u00edba, o a\u00e7ude de Camala\u00fa atingiu a capacidade m\u00e1xima chegando a 100,17 %, representando um volume atual de 48.190.726 m\u00b3. O reservat\u00f3rio tem capacidade total de armazenamento de 48.107.240 m\u00b3 de \u00e1gua, segundo dados da AESA.<\/p>\n\n\n\n<p>Nesta \u00faltima quarta-feira(22) o a\u00e7ude de Po\u00e7\u00f5es em Monteiro tamb\u00e9m atingiu a sua capacidade m\u00e1xima e as \u00e1guas seguiram para Camala\u00fa, que foram primordiais para levarem o manancial a chegar a sua capacidade m\u00e1xima.<\/p>\n\n\n\n<div class=\"wp-block-image\"><figure class=\"aligncenter\"><img decoding=\"async\" data-src=\"http:\/\/deolhonocariri.com.br\/wp-content\/uploads\/2020\/04\/94304833_644675946088378_8602794368329318400_n.jpg\" alt=\"\" class=\"wp-image-81215 lazyload\" src=\"data:image\/svg+xml;base64,PHN2ZyB3aWR0aD0iMSIgaGVpZ2h0PSIxIiB4bWxucz0iaHR0cDovL3d3dy53My5vcmcvMjAwMC9zdmciPjwvc3ZnPg==\" \/><\/figure><\/div>\n\n\n\n<p>Constru\u00eddo no final da d\u00e9cada de 80 e in\u00edcio de 90, o a\u00e7ude sangrou por apenas duas vezes durante a sua hist\u00f3ria. As \u00e1guas de Camala\u00fa seguem pela calha do Rio Para\u00edba para o A\u00e7ude de Boqueir\u00e3o, que falta quatro metros para atingir o seu volume m\u00e1ximo.<\/p>\n\n\n\n<p><strong>VEJA O V\u00cdDEO:<\/strong><\/p>\n\n\n\n<figure><iframe data-src=\"https:\/\/www.facebook.com\/plugins\/video.php?href=https%3A%2F%2Fwww.facebook.com%2Fdeolho.nocariri%2Fvideos%2F815319142325972%2F&amp;show_text=0&amp;width=560\" width=\"560\" height=\"252\" allowfullscreen=\"allowfullscreen\" src=\"data:image\/svg+xml;base64,PHN2ZyB3aWR0aD0iMSIgaGVpZ2h0PSIxIiB4bWxucz0iaHR0cDovL3d3dy53My5vcmcvMjAwMC9zdmciPjwvc3ZnPg==\" class=\"lazyload\" data-load-mode=\"1\"><\/iframe><\/figure>\n\n\n\n<p><strong>De Olho no Cariri<\/strong><\/p>\n","protected":false},"excerpt":{"rendered":"<p>Nas primeiras horas desta quinta-feira(23), o a\u00e7ude p\u00fablico do munic\u00edpio de Camala\u00fa, localizado no Cariri paraibano, atingiu a sua capacidade m\u00e1xima e come\u00e7ou a sangrar.&hellip; <\/p>\n","protected":false},"author":2,"featured_media":165700,"comment_status":"closed","ping_status":"closed","sticky":false,"template":"","format":"standard","meta":{"sfsi_plus_gutenberg_text_before_share":"","sfsi_plus_gutenberg_show_text_before_share":"","sfsi_plus_gutenberg_icon_type":"","sfsi_plus_gutenberg_icon_alignemt":"","sfsi_plus_gutenburg_max_per_row":"","footnotes":""},"categories":[50,2],"tags":[],"class_list":["post-165699","post","type-post","status-publish","format-standard","has-post-thumbnail","hentry","category-destaque","category-geral"],"_links":{"self":[{"href":"https:\/\/www.caririemacao.com\/1\/wp-json\/wp\/v2\/posts\/165699","targetHints":{"allow":["GET"]}}],"collection":[{"href":"https:\/\/www.caririemacao.com\/1\/wp-json\/wp\/v2\/posts"}],"about":[{"href":"https:\/\/www.caririemacao.com\/1\/wp-json\/wp\/v2\/types\/post"}],"author":[{"embeddable":true,"href":"https:\/\/www.caririemacao.com\/1\/wp-json\/wp\/v2\/users\/2"}],"replies":[{"embeddable":true,"href":"https:\/\/www.caririemacao.com\/1\/wp-json\/wp\/v2\/comments?post=165699"}],"version-history":[{"count":1,"href":"https:\/\/www.caririemacao.com\/1\/wp-json\/wp\/v2\/posts\/165699\/revisions"}],"predecessor-version":[{"id":165701,"href":"https:\/\/www.caririemacao.com\/1\/wp-json\/wp\/v2\/posts\/165699\/revisions\/165701"}],"wp:featuredmedia":[{"embeddable":true,"href":"https:\/\/www.caririemacao.com\/1\/wp-json\/wp\/v2\/media\/165700"}],"wp:attachment":[{"href":"https:\/\/www.caririemacao.com\/1\/wp-json\/wp\/v2\/media?parent=165699"}],"wp:term":[{"taxonomy":"category","embeddable":true,"href":"https:\/\/www.caririemacao.com\/1\/wp-json\/wp\/v2\/categories?post=165699"},{"taxonomy":"post_tag","embeddable":true,"href":"https:\/\/www.caririemacao.com\/1\/wp-json\/wp\/v2\/tags?post=165699"}],"curies":[{"name":"wp","href":"https:\/\/api.w.org\/{rel}","templated":true}]}}