{"id":165703,"date":"2020-04-23T13:22:01","date_gmt":"2020-04-23T16:22:01","guid":{"rendered":"http:\/\/www.caririemacao.com\/1\/?p=165703"},"modified":"2020-04-23T13:22:02","modified_gmt":"2020-04-23T16:22:02","slug":"curva-de-mortes-de-covid-19-no-brasil-esta-mais-rapida-que-a-da-espanha-dizem-universidades","status":"publish","type":"post","link":"https:\/\/www.caririemacao.com\/1\/2020\/04\/23\/curva-de-mortes-de-covid-19-no-brasil-esta-mais-rapida-que-a-da-espanha-dizem-universidades\/","title":{"rendered":"Curva de mortes de Covid-19 no Brasil est\u00e1 mais r\u00e1pida que a da Espanha, dizem universidades"},"content":{"rendered":"\n<p>O&nbsp;<strong>n\u00famero de mortes<\/strong>&nbsp;<strong>pelo coronav\u00edrus no Brasil<\/strong>&nbsp;est\u00e1 aumentando a um&nbsp;<strong>ritmo mais acelerado do que o registrado na Espanha<\/strong>&nbsp;quando o pa\u00eds europeu estava na mesma fase da pandemia, duas semanas atr\u00e1s.<\/p>\n\n\n\n<p>Com base nos dados do Minist\u00e9rio da Sa\u00fade, o Observat\u00f3rio Covid-19 BR, que re\u00fane especialistas de sete universidades\u00a0<em>(veja lista ao fim desta reportagem)<\/em>,\u00a0<strong>mede a velocidade da doen\u00e7a<\/strong>\u00a0no Brasil e a compara com a de outros pa\u00edses.<\/p>\n\n\n\n<p>Uma das ferramentas para fazer essa an\u00e1lise prev\u00ea o seguinte c\u00e1lculo:\u00a0<strong>quanto tempo\u00a0<\/strong>o coronav\u00edrus leva\u00a0<strong>para dobrar o n\u00famero de \u00f3bitos.\u00a0<\/strong>At\u00e9 a manh\u00e3 desta quinta-feira (23),\u00a0mais de 2,9 mil pessoas haviam morrido de Covid-19 no Brasil. Na Espanha,\u00a0o n\u00famero passa de 22 mil.<\/p>\n\n\n\n<p>Segundo o observat\u00f3rio:<\/p>\n\n\n\n<ul class=\"wp-block-list\"><li>nesta ter\u00e7a-feira (21), o tempo de duplica\u00e7\u00e3o do n\u00famero de mortos por Covid-19 no&nbsp;<strong>Brasil<\/strong>&nbsp;era de&nbsp;<strong>9 dias e 14 horas<\/strong>;<\/li><li>na&nbsp;<strong>Espanha<\/strong>, esse n\u00famero estava em&nbsp;<strong>12 dias e 7 horas<\/strong>&nbsp;h\u00e1 duas semanas (8 de abril);<\/li><li><strong>quanto mais baixo \u00e9 esse intervalo<\/strong>,&nbsp;<strong>mais letal \u00e9 a pandemia<\/strong>&nbsp;no pa\u00eds naquele momento;<\/li><li>isso significa que, por esse crit\u00e9rio, o cen\u00e1rio no Brasil \u00e9&nbsp;<strong>pior que o da Espanha<\/strong>&nbsp;se comparados per\u00edodos correspondentes do avan\u00e7o do coronav\u00edrus.<\/li><\/ul>\n\n\n\n<p>A compara\u00e7\u00e3o tem de ser feita a partir de datas diferentes porque a pandemia na Europa come\u00e7ou&nbsp;<strong>a matar antes.<\/strong><\/p>\n\n\n\n<p>V\u00edtor Sudbrack, integrante do observat\u00f3rio e f\u00edsico da Universidade Estadual de S\u00e3o Paulo (Unesp), explica ao&nbsp;<strong>G1<\/strong>&nbsp;que&nbsp;<strong>os c\u00e1lculos em cada pa\u00eds come\u00e7am<\/strong>&nbsp;<strong>cinco dias depois da d\u00e9cima morte<\/strong>.<\/p>\n\n\n\n<p>De acordo com o estudo:<\/p>\n\n\n\n<ul class=\"wp-block-list\"><li>o&nbsp;<strong>Brasil<\/strong>&nbsp;estava, nesta ter\u00e7a, no&nbsp;<strong>28\u00ba dia da s\u00e9rie<\/strong>.<\/li><li>e a Espanha estava no&nbsp;<strong>40\u00ba dia<\/strong>&nbsp;\u2013 l\u00e1, o 28\u00ba dia foi 8 de abril.<\/li><\/ul>\n\n\n\n<figure class=\"wp-block-image\"><img decoding=\"async\" data-src=\"https:\/\/s2.glbimg.com\/q8d5flOCVgYOosKbJB2LSzY3-MA=\/0x0:1400x2046\/984x0\/smart\/filters:strip_icc()\/i.s3.glbimg.com\/v1\/AUTH_59edd422c0c84a879bd37670ae4f538a\/internal_photos\/bs\/2020\/a\/o\/XAPS4KRy6NcTd3Mq2RMA\/velocidade-2204-5-.png\" alt=\"Compara\u00e7\u00e3o do tempo de duplica\u00e7\u00e3o de mortes provocadas pelo novo coronav\u00edrus em cinco pa\u00edses: Brasil, It\u00e1lia, Espanha, Estados Unidos e Fran\u00e7a; atualiza\u00e7\u00e3o em 22 de abril de 2020 \u2014 Foto: Arte\/G1\" src=\"data:image\/svg+xml;base64,PHN2ZyB3aWR0aD0iMSIgaGVpZ2h0PSIxIiB4bWxucz0iaHR0cDovL3d3dy53My5vcmcvMjAwMC9zdmciPjwvc3ZnPg==\" class=\"lazyload\" \/><\/figure>\n\n\n\n<p>Compara\u00e7\u00e3o do tempo de duplica\u00e7\u00e3o de mortes provocadas pelo novo coronav\u00edrus em cinco pa\u00edses: Brasil, It\u00e1lia, Espanha, Estados Unidos e Fran\u00e7a; atualiza\u00e7\u00e3o em 22 de abril de 2020 \u2014 Foto: Arte\/G1<\/p>\n\n\n\n<p>Pelas contas dos especialistas, o tempo de duplica\u00e7\u00e3o em outros pa\u00edses nesta ter\u00e7a era:<\/p>\n\n\n\n<ul class=\"wp-block-list\"><li><strong>Fran\u00e7a<\/strong>&nbsp;\u2013 23 dias<\/li><li><strong>It\u00e1lia<\/strong>&nbsp;\u2013 28 dias<\/li><li><strong>Espanha<\/strong>&nbsp;\u2013 39 dias<\/li><\/ul>\n\n\n\n<blockquote class=\"wp-block-quote is-layout-flow wp-block-quote-is-layout-flow\"><p>\u201cA Espanha e a It\u00e1lia, na \u00faltima semana, praticamente sa\u00edram da fase exponencial de crescimento e chegaram na satura\u00e7\u00e3o\u201d, afirmou Sudbrack, da Unifesp.<\/p><\/blockquote>\n\n\n\n<p>O f\u00edsico acrescenta que a Fran\u00e7a, que tem mais de 21 mil mortes, tamb\u00e9m est\u00e1 muito pr\u00f3xima dessa fase.<\/p>\n\n\n\n<p>\u201cL\u00e1, houve uma fase acelerada h\u00e1 20 dias, quando o n\u00famero de mortes confirmadas dobrava a cada dois dias. Mas hoje o tempo de duplica\u00e7\u00e3o deles \u00e9 maior que duas semanas\u201d, disse.<\/p>\n\n\n\n<figure class=\"wp-block-image\"><img decoding=\"async\" data-src=\"https:\/\/s2.glbimg.com\/1mf9kJJDqxnCP26MBFZxc89n1Jw=\/0x0:6000x4000\/984x0\/smart\/filters:strip_icc()\/i.s3.glbimg.com\/v1\/AUTH_59edd422c0c84a879bd37670ae4f538a\/internal_photos\/bs\/2020\/m\/g\/3hvMymQBKFpXnOkw6PtA\/2020-04-12t115529z-701871404-rc2z2g9bdhle-rtrmadp-3-health-coronavirus-easter-italy.jpg\" alt=\"Pedestres usam m\u00e1scaras em Veneza, na It\u00e1lia \u2014 Foto: Reuters\" src=\"data:image\/svg+xml;base64,PHN2ZyB3aWR0aD0iMSIgaGVpZ2h0PSIxIiB4bWxucz0iaHR0cDovL3d3dy53My5vcmcvMjAwMC9zdmciPjwvc3ZnPg==\" class=\"lazyload\" \/><\/figure>\n\n\n\n<p>Pedestres usam m\u00e1scaras em Veneza, na It\u00e1lia \u2014 Foto: Reuters<\/p>\n\n\n\n<h2 class=\"wp-block-heading\">Risco de crise como a de &#8216;Nova York&#8217;<\/h2>\n\n\n\n<p>Nos Estados Unidos, onde as mortes j\u00e1 passam de 40 mil, a s\u00e9rie estava na quarta-feira no\u00a0<strong>44\u00ba dia<\/strong>, com tempo de duplica\u00e7\u00e3o de\u00a0<strong>12 dias<\/strong>. No 28\u00ba dia, em 5 de abril, o ritmo era de 3,5 dias &#8212; situa\u00e7\u00e3o mais grave do que hoje no Brasil, portanto. Nesta quinta, os EUA t\u00eam<\/p>\n\n\n\n<p>O pesquisador da Unesp diz que cidades brasileiras tamb\u00e9m podem enfrentar situa\u00e7\u00e3o semelhante \u00e0 de Nova York. A cidade de Nova York registrava, at\u00e9 16 de abril,&nbsp;<a href=\"https:\/\/g1.globo.com\/bemestar\/coronavirus\/noticia\/2020\/04\/14\/mortes-em-nova-york-pelo-novo-coronavirus-passam-de-10-mil.ghtml\">perto de 11 mil mortes<\/a>&nbsp;&#8211; nesta quinta, passam de 15 mil.<\/p>\n\n\n\n<blockquote class=\"wp-block-quote is-layout-flow wp-block-quote-is-layout-flow\"><p>\u201cA explos\u00e3o de casos em Nova York tem uma raz\u00e3o bastante clara: \u00e9 um local com&nbsp;<strong>uma grande densidade demogr\u00e1fica<\/strong>&nbsp;e que n\u00e3o realizou a tempo as medidas de isolamento social\u201d, afirma Carlos Magno Fortaleza, epidemiologista da Unesp.<\/p><\/blockquote>\n\n\n\n<figure class=\"wp-block-image\"><img decoding=\"async\" data-src=\"https:\/\/s2.glbimg.com\/lE7E4ATsVdJZ7guAbuSEgGVhvjs=\/0x0:6000x4000\/1008x0\/smart\/filters:strip_icc()\/i.s3.glbimg.com\/v1\/AUTH_59edd422c0c84a879bd37670ae4f538a\/internal_photos\/bs\/2020\/i\/T\/9B1aIfQxmLnxDsrofmsA\/dsc3109.jpg\" alt=\"RJ, 13\/04\/2020 Com o fechamento do Parque Nacional da Tijuca, pontos tur\u00edsticos da cidade como o Mirante Dona Marta, ficam completamente vazios \u2014 Foto: Marcos Serra Lima\/G1\" src=\"data:image\/svg+xml;base64,PHN2ZyB3aWR0aD0iMSIgaGVpZ2h0PSIxIiB4bWxucz0iaHR0cDovL3d3dy53My5vcmcvMjAwMC9zdmciPjwvc3ZnPg==\" class=\"lazyload\" \/><\/figure>\n\n\n\n<p>RJ, 13\/04\/2020 Com o fechamento do Parque Nacional da Tijuca, pontos tur\u00edsticos da cidade como o Mirante Dona Marta, ficam completamente vazios \u2014 Foto: Marcos Serra Lima\/G1<\/p>\n\n\n\n<p>\u201cO Brasil teve mais tempo para se preparar, realizou um isolamento social n\u00e3o ideal,&nbsp;<strong>mas razo\u00e1vel<\/strong>, nas grandes metr\u00f3poles e nos primeiros dias da pandemia\u201d, pontuou o epidemiologista.<\/p>\n\n\n\n<blockquote class=\"wp-block-quote is-layout-flow wp-block-quote-is-layout-flow\"><p>\u201cNo entanto, esse isolamento come\u00e7a a relaxar, e com esse relaxamento\u00a0<strong>n\u00f3s podemos, sim, ter um aumento explosivo de mortes\u00a0<\/strong>e chegar a uma situa\u00e7\u00e3o semelhante \u00e0 dos Estados Unidos\u201d, destacou Fortaleza.<\/p><\/blockquote>\n\n\n\n<p>Com G1 PB<\/p>\n","protected":false},"excerpt":{"rendered":"<p>O&nbsp;n\u00famero de mortes&nbsp;pelo coronav\u00edrus no Brasil&nbsp;est\u00e1 aumentando a um&nbsp;ritmo mais acelerado do que o registrado na Espanha&nbsp;quando o pa\u00eds europeu estava na mesma fase da&hellip; <\/p>\n","protected":false},"author":1,"featured_media":165710,"comment_status":"closed","ping_status":"closed","sticky":false,"template":"","format":"standard","meta":{"sfsi_plus_gutenberg_text_before_share":"","sfsi_plus_gutenberg_show_text_before_share":"","sfsi_plus_gutenberg_icon_type":"","sfsi_plus_gutenberg_icon_alignemt":"","sfsi_plus_gutenburg_max_per_row":"","footnotes":""},"categories":[2],"tags":[],"class_list":["post-165703","post","type-post","status-publish","format-standard","has-post-thumbnail","hentry","category-geral"],"_links":{"self":[{"href":"https:\/\/www.caririemacao.com\/1\/wp-json\/wp\/v2\/posts\/165703","targetHints":{"allow":["GET"]}}],"collection":[{"href":"https:\/\/www.caririemacao.com\/1\/wp-json\/wp\/v2\/posts"}],"about":[{"href":"https:\/\/www.caririemacao.com\/1\/wp-json\/wp\/v2\/types\/post"}],"author":[{"embeddable":true,"href":"https:\/\/www.caririemacao.com\/1\/wp-json\/wp\/v2\/users\/1"}],"replies":[{"embeddable":true,"href":"https:\/\/www.caririemacao.com\/1\/wp-json\/wp\/v2\/comments?post=165703"}],"version-history":[{"count":1,"href":"https:\/\/www.caririemacao.com\/1\/wp-json\/wp\/v2\/posts\/165703\/revisions"}],"predecessor-version":[{"id":165711,"href":"https:\/\/www.caririemacao.com\/1\/wp-json\/wp\/v2\/posts\/165703\/revisions\/165711"}],"wp:featuredmedia":[{"embeddable":true,"href":"https:\/\/www.caririemacao.com\/1\/wp-json\/wp\/v2\/media\/165710"}],"wp:attachment":[{"href":"https:\/\/www.caririemacao.com\/1\/wp-json\/wp\/v2\/media?parent=165703"}],"wp:term":[{"taxonomy":"category","embeddable":true,"href":"https:\/\/www.caririemacao.com\/1\/wp-json\/wp\/v2\/categories?post=165703"},{"taxonomy":"post_tag","embeddable":true,"href":"https:\/\/www.caririemacao.com\/1\/wp-json\/wp\/v2\/tags?post=165703"}],"curies":[{"name":"wp","href":"https:\/\/api.w.org\/{rel}","templated":true}]}}