{"id":165712,"date":"2020-04-23T13:26:31","date_gmt":"2020-04-23T16:26:31","guid":{"rendered":"http:\/\/www.caririemacao.com\/1\/?p=165712"},"modified":"2020-04-23T13:26:32","modified_gmt":"2020-04-23T16:26:32","slug":"cfm-diz-a-bolsonaro-que-nao-recomenda-hidroxicloroquina-mas-libera-receita-em-3-casos","status":"publish","type":"post","link":"https:\/\/www.caririemacao.com\/1\/2020\/04\/23\/cfm-diz-a-bolsonaro-que-nao-recomenda-hidroxicloroquina-mas-libera-receita-em-3-casos\/","title":{"rendered":"CFM diz a Bolsonaro que n\u00e3o recomenda hidroxicloroquina, mas libera receita em 3 casos"},"content":{"rendered":"\n<p>O Conselho Federal de Medicina (CFM) teve uma reuni\u00e3o nesta quinta-feira (23) no Pal\u00e1cio do Planalto com o presidente Jair Bolsonaro e disse que n\u00e3o recomenda o uso da&nbsp;<a href=\"https:\/\/g1.globo.com\/bemestar\/coronavirus\/noticia\/2020\/04\/21\/estudo-aponta-que-pacientes-que-tomaram-hidroxicloroquina-morreram-mais-que-os-do-grupo-de-controle.ghtml\">hidroxicloroquina<\/a>&nbsp;para pacientes em tratamento de covid-19. O \u00f3rg\u00e3o afirmou, no entanto, que decidiu liberar os m\u00e9dicos a receitarem o rem\u00e9dio em tr\u00eas casos espec\u00edficos:<\/p>\n\n\n\n<ol class=\"wp-block-list\"><li>Quando o paciente est\u00e1 em estado cr\u00edtico, internado em terapia intensiva, com les\u00e3o pulmonar estabelecida. A hidroxicloroquina pode ser usada pelos m\u00e9dicos &#8220;por compaix\u00e3o&#8221;. Isso ocorre quando o paciente j\u00e1 est\u00e1 fora de possibilidade terap\u00eautica e o m\u00e9dico, com autoriza\u00e7\u00e3o da fam\u00edlia, utiliza a subst\u00e2ncia;<\/li><li>Quando o paciente, com sintomas da covid-19, chega ao hospital. Existe um momento de replica\u00e7\u00e3o viral em que a droga pode ser usada pelo m\u00e9dico com autoriza\u00e7\u00e3o do paciente e familiares;<\/li><li>Quando o paciente tem sintomas leves, parecidos com o da gripe comum. Nesse caso, o m\u00e9dico pode usar a hidroxicloroquinha, descartando a possibilidade de que o paciente tenha: influenza A ou B, dengue, ou H1N1. Tamb\u00e9m nesse caso, a decis\u00e3o deve ser compartilhada com o paciente.<\/li><\/ol>\n\n\n\n<p>&#8220;O Conselho Federal de Medicina n\u00e3o recomenda o uso da hidroxicloroquina. O que estamos fazendo \u00e9 dando ao m\u00e9dico brasileiro o direito de, junto com seu paciente, em decis\u00e3o compartilhada com seu paciente, utilizar essa droga. Uma autoriza\u00e7\u00e3o. N\u00e3o \u00e9 recomenda\u00e7\u00e3o&#8221;, disse o presidente do CFM, Mauro Luiz de Britto Ribeiro.<\/p>\n\n\n\n<p>A hidroxicloroquina j\u00e1 \u00e9 usada no tratamento da mal\u00e1ria (veja mais abaixo detalhes sobre o medicamento). O presidente Jair Bolsonaro \u00e9 um defensor do uso do medicamento. O tema foi um dos motivos de diverg\u00eancia que pesaram na demiss\u00e3o do ex-ministro da Sa\u00fade, Luiz Henrique Mandetta<\/p>\n\n\n\n<p>Segundo Ribeiro, n\u00e3o h\u00e1 \u201cnenhuma evid\u00eancia cient\u00edfica forte\u201d sobre a efic\u00e1cia do uso da hidroxicloroquina no tratamento da covid-19.<\/p>\n\n\n\n<p>\u201cO posicionamento \u00e9 que n\u00e3o existe nenhuma evid\u00eancia cient\u00edfica forte que sustente o uso da hidroxicloroquina para o tratamento da covid-19. \u00c9 uma droga amplamente utilizada para outras doen\u00e7as, j\u00e1 h\u00e1 70 anos, mas em rela\u00e7\u00e3o ao tratamento da covid-19, n\u00e3o existe nenhum ensaio cl\u00ednico, prospectivo, randomizado, feito por grupos de pesquisadores de respeito, com trabalhos publicados em revistas de ponta, que apontem qualquer tipo de benef\u00edcio&#8221;, afirmou.<\/p>\n\n\n\n<p>Com G1 PB<\/p>\n","protected":false},"excerpt":{"rendered":"<p>O Conselho Federal de Medicina (CFM) teve uma reuni\u00e3o nesta quinta-feira (23) no Pal\u00e1cio do Planalto com o presidente Jair Bolsonaro e disse que n\u00e3o&hellip; <\/p>\n","protected":false},"author":1,"featured_media":165713,"comment_status":"closed","ping_status":"closed","sticky":false,"template":"","format":"standard","meta":{"sfsi_plus_gutenberg_text_before_share":"","sfsi_plus_gutenberg_show_text_before_share":"","sfsi_plus_gutenberg_icon_type":"","sfsi_plus_gutenberg_icon_alignemt":"","sfsi_plus_gutenburg_max_per_row":"","footnotes":""},"categories":[16],"tags":[],"class_list":["post-165712","post","type-post","status-publish","format-standard","has-post-thumbnail","hentry","category-saude"],"_links":{"self":[{"href":"https:\/\/www.caririemacao.com\/1\/wp-json\/wp\/v2\/posts\/165712","targetHints":{"allow":["GET"]}}],"collection":[{"href":"https:\/\/www.caririemacao.com\/1\/wp-json\/wp\/v2\/posts"}],"about":[{"href":"https:\/\/www.caririemacao.com\/1\/wp-json\/wp\/v2\/types\/post"}],"author":[{"embeddable":true,"href":"https:\/\/www.caririemacao.com\/1\/wp-json\/wp\/v2\/users\/1"}],"replies":[{"embeddable":true,"href":"https:\/\/www.caririemacao.com\/1\/wp-json\/wp\/v2\/comments?post=165712"}],"version-history":[{"count":1,"href":"https:\/\/www.caririemacao.com\/1\/wp-json\/wp\/v2\/posts\/165712\/revisions"}],"predecessor-version":[{"id":165714,"href":"https:\/\/www.caririemacao.com\/1\/wp-json\/wp\/v2\/posts\/165712\/revisions\/165714"}],"wp:featuredmedia":[{"embeddable":true,"href":"https:\/\/www.caririemacao.com\/1\/wp-json\/wp\/v2\/media\/165713"}],"wp:attachment":[{"href":"https:\/\/www.caririemacao.com\/1\/wp-json\/wp\/v2\/media?parent=165712"}],"wp:term":[{"taxonomy":"category","embeddable":true,"href":"https:\/\/www.caririemacao.com\/1\/wp-json\/wp\/v2\/categories?post=165712"},{"taxonomy":"post_tag","embeddable":true,"href":"https:\/\/www.caririemacao.com\/1\/wp-json\/wp\/v2\/tags?post=165712"}],"curies":[{"name":"wp","href":"https:\/\/api.w.org\/{rel}","templated":true}]}}