{"id":165715,"date":"2020-04-23T13:35:27","date_gmt":"2020-04-23T16:35:27","guid":{"rendered":"http:\/\/www.caririemacao.com\/1\/?p=165715"},"modified":"2020-04-23T13:36:22","modified_gmt":"2020-04-23T16:36:22","slug":"a-visita-que-virou-tragedia-em-familia-por-conta-do-covid-19-perdi-meu-marido-e-meu-pai-em-dois-dias","status":"publish","type":"post","link":"https:\/\/www.caririemacao.com\/1\/2020\/04\/23\/a-visita-que-virou-tragedia-em-familia-por-conta-do-covid-19-perdi-meu-marido-e-meu-pai-em-dois-dias\/","title":{"rendered":"A visita que virou trag\u00e9dia em fam\u00edlia por conta do Covid-19 &#8216;perdi meu marido e meu pai em dois dias&#8217;"},"content":{"rendered":"\n<p>Uma visita dos pais, em 12 de mar\u00e7o, representou o in\u00edcio da fase mais dif\u00edcil da vida da enfermeira M\u00e1rcia Cristina dos Santos, de 50 anos.<\/p>\n\n\n\n<p>Os aposentados Adalgiza Gon\u00e7alves, de 80 anos, e Benedito dos Santos, 84, deixaram o pequeno munic\u00edpio de Ura\u00ed (PR), onde moravam, e seguiram a Bras\u00edlia para visitar a filha e o genro. A viagem havia sido marcada meses atr\u00e1s. O plano inicial era que eles passassem algumas semanas na casa da filha na capital federal.<\/p>\n\n\n\n<p>M\u00e1rcia acompanhava sem muita preocupa\u00e7\u00e3o as not\u00edcias sobre o novo coronav\u00edrus. Na data em que os pais dela chegaram, em todo o Brasil havia 77 casos confirmados pelo Minist\u00e9rio da Sa\u00fade, sendo apenas dois deles no Distrito Federal. N\u00e3o havia nenhum registro de morte no pa\u00eds. Na \u00e9poca, n\u00e3o havia orienta\u00e7\u00f5es de autoridades sobre isolamento social ou para que as pessoas evitassem viagens com destinos nacionais.<\/p>\n\n\n\n<blockquote class=\"wp-block-quote is-layout-flow wp-block-quote-is-layout-flow\"><p>&#8220;At\u00e9 ent\u00e3o, o v\u00edrus parecia uma situa\u00e7\u00e3o distante. Pensava que fosse algo que logo passaria&#8221;, revela M\u00e1rcia.<\/p><\/blockquote>\n\n\n\n<p>Ap\u00f3s os primeiros registros, o Brasil enfrentou um crescimento exponencial de casos de Sars-Cov-2, nome oficial do novo coronav\u00edrus. At\u00e9 a quarta-feira (22\/04), havia mais de 45,7 mil registros e 2,9 mil mortes.<\/p>\n\n\n\n<p>&#8220;N\u00e3o acreditava que fosse chegar ao n\u00edvel em que as coisas chegaram. N\u00e3o estava acompanhando muito as not\u00edcias no come\u00e7o, por isso n\u00e3o tinha a dimens\u00e3o do problema&#8221;, diz M\u00e1rcia, que h\u00e1 um ano deixou a profiss\u00e3o de enfermeira para abrir um ateli\u00ea de costura.<\/p>\n\n\n\n<figure class=\"wp-block-image size-large\"><img decoding=\"async\" width=\"25\" height=\"14\" data-src=\"http:\/\/www.caririemacao.com\/1\/wp-content\/uploads\/2020\/04\/image-12.jpeg\" alt=\"M\u00e1rcia e o sargento Jos\u00e9 Romildo Pereira estavam juntos havia uma d\u00e9cada e tinham muitos planos para o futuro \u2014 Foto: Arquivo pessoal\/BBC\" class=\"wp-image-165716 lazyload\" src=\"data:image\/svg+xml;base64,PHN2ZyB3aWR0aD0iMSIgaGVpZ2h0PSIxIiB4bWxucz0iaHR0cDovL3d3dy53My5vcmcvMjAwMC9zdmciPjwvc3ZnPg==\" style=\"--smush-placeholder-width: 25px; --smush-placeholder-aspect-ratio: 25\/14;\" \/><\/figure>\n\n\n\n<figure class=\"wp-block-image\"><img decoding=\"async\" data-src=\"https:\/\/s2.glbimg.com\/0d4VHKSmb3D66h-SAXofZboGIEM=\/0x0:624x351\/984x0\/smart\/filters:strip_icc()\/i.s3.glbimg.com\/v1\/AUTH_59edd422c0c84a879bd37670ae4f538a\/internal_photos\/bs\/2020\/B\/p\/iCaVdXQCSjlzI9uivQ1A\/111906133-familiaa2.jpg\" alt=\"M\u00e1rcia e o sargento Jos\u00e9 Romildo Pereira estavam juntos havia uma d\u00e9cada e tinham muitos planos para o futuro \u2014 Foto: Arquivo pessoal\/BBC\" src=\"data:image\/svg+xml;base64,PHN2ZyB3aWR0aD0iMSIgaGVpZ2h0PSIxIiB4bWxucz0iaHR0cDovL3d3dy53My5vcmcvMjAwMC9zdmciPjwvc3ZnPg==\" class=\"lazyload\" \/><\/figure>\n\n\n\n<p>M\u00e1rcia e o sargento Jos\u00e9 Romildo Pereira estavam juntos havia uma d\u00e9cada e tinham muitos planos para o futuro \u2014 Foto: Arquivo pessoal\/BBC<\/p>\n\n\n\n<p>O marido dela, o sargento da Pol\u00edcia Militar Jos\u00e9 Romildo Pereira, era mais preocupado com o novo coronav\u00edrus. Por trabalhar nas ruas, ele temia levar o v\u00edrus para casa. Desde os primeiros registros no pa\u00eds, ele passou a adotar medidas como a higieniza\u00e7\u00e3o constante das m\u00e3os e n\u00e3o tinha contato com a esposa antes de tomar banho, ap\u00f3s retornar do servi\u00e7o.<\/p>\n\n\n\n<p>A fam\u00edlia tinha diversos planos para os pr\u00f3ximos meses. M\u00e1rcia e Jos\u00e9, que estavam juntos havia 10 anos, desfrutavam da casa que haviam constru\u00eddo recentemente. Em abril, o policial entraria de f\u00e9rias. At\u00e9 junho, ele deveria se aposentar, ap\u00f3s 30 anos de trabalho na PM.<\/p>\n\n\n\n<p>Os planos, por\u00e9m, foram tomados pelo novo coronav\u00edrus. No in\u00edcio de abril, M\u00e1rcia perdeu o marido e o pai. Ela n\u00e3o conseguiu se despedir ou acompanhar o breve enterro deles, pois tamb\u00e9m foi diagnosticada com a Covid-19, a doen\u00e7a causada pelo novo coronav\u00edrus.<\/p>\n\n\n\n<blockquote class=\"wp-block-quote is-layout-flow wp-block-quote-is-layout-flow\"><p>&#8220;Est\u00e1 sendo muito dif\u00edcil. Ainda estou anestesiada, porque n\u00e3o parece verdade. A minha ficha ainda n\u00e3o caiu. Tudo isso aconteceu t\u00e3o de repente&#8221;, diz \u00e0 BBC News Brasil.<\/p><\/blockquote>\n\n\n\n<h2 class=\"wp-block-heading\">Os primeiros sintomas<\/h2>\n\n\n\n<p>Quatro dias ap\u00f3s chegar a Bras\u00edlia, Benedito apresentou dificuldades neurol\u00f3gicas \u2014 sintomas atribu\u00eddos ao novo coronav\u00edrus. &#8220;O meu pai come\u00e7ou a perder no\u00e7\u00e3o de dia e hora. Ele nunca tinha passado por isso. Eu e minha m\u00e3e estranhamos&#8221;, detalha. Com o passar dos dias, a situa\u00e7\u00e3o se agravou. &#8220;Ele ficou muito diferente. Sempre foi uma pessoa ativa, mas estava muito cansado e esquecido. Depois, come\u00e7ou a ter febre&#8221;, relata M\u00e1rcia.<\/p>\n\n\n\n<p>No mesmo per\u00edodo, Jos\u00e9 tamb\u00e9m apresentou problemas de sa\u00fade. &#8220;Ele teve febre e ficou muito cansado&#8221;, diz a vi\u00fava. O policial era diab\u00e9tico e tinha problemas pulmonares, em decorr\u00eancia de complica\u00e7\u00f5es de sa\u00fade de anos atr\u00e1s.<\/p>\n\n\n\n<p>Os parentes acreditaram que os dois pudessem estar com uma gripe forte. Os dias passaram e os sintomas pioraram. Em 22 de mar\u00e7o, M\u00e1rcia levou o marido ao hospital. &#8220;Ele foi diagnosticado com uma gripe al\u00e9rgica&#8221;, relata. Desde os primeiros sintomas, o sargento se afastou do trabalho.<\/p>\n\n\n\n<figure class=\"wp-block-image size-large\"><img decoding=\"async\" width=\"25\" height=\"14\" data-src=\"http:\/\/www.caririemacao.com\/1\/wp-content\/uploads\/2020\/04\/image-13.jpeg\" alt=\"Adalgiza e Benedito moravam no interior do Paran\u00e1 e foram a Bras\u00edlia para visitar a filha \u2014 Foto: Arquivo pessoal\/BBC\" class=\"wp-image-165717 lazyload\" src=\"data:image\/svg+xml;base64,PHN2ZyB3aWR0aD0iMSIgaGVpZ2h0PSIxIiB4bWxucz0iaHR0cDovL3d3dy53My5vcmcvMjAwMC9zdmciPjwvc3ZnPg==\" style=\"--smush-placeholder-width: 25px; --smush-placeholder-aspect-ratio: 25\/14;\" \/><\/figure>\n\n\n\n<figure class=\"wp-block-image\"><img decoding=\"async\" data-src=\"https:\/\/s2.glbimg.com\/jnimoiTyAqv58SCVokViN7A52io=\/0x0:624x351\/984x0\/smart\/filters:strip_icc()\/i.s3.glbimg.com\/v1\/AUTH_59edd422c0c84a879bd37670ae4f538a\/internal_photos\/bs\/2020\/E\/o\/hDzcs7TfS6AnMw0CQJJg\/111906135-familiaa3.png\" alt=\"Adalgiza e Benedito moravam no interior do Paran\u00e1 e foram a Bras\u00edlia para visitar a filha \u2014 Foto: Arquivo pessoal\/BBC\" src=\"data:image\/svg+xml;base64,PHN2ZyB3aWR0aD0iMSIgaGVpZ2h0PSIxIiB4bWxucz0iaHR0cDovL3d3dy53My5vcmcvMjAwMC9zdmciPjwvc3ZnPg==\" class=\"lazyload\" \/><\/figure>\n\n\n\n<p>Adalgiza e Benedito moravam no interior do Paran\u00e1 e foram a Bras\u00edlia para visitar a filha \u2014 Foto: Arquivo pessoal\/BBC<\/p>\n\n\n\n<p>O casal retornou para casa. No per\u00edodo, o crescimento exponencial de casos de Covid-19 no Brasil come\u00e7ou a chamar a aten\u00e7\u00e3o de M\u00e1rcia e eles passaram a usar m\u00e1scaras. Ela j\u00e1 considerava o coronav\u00edrus como uma amea\u00e7a real.<\/p>\n\n\n\n<p>O sargento continuou com febre alta, mesmo tomando os medicamentos recomendados ap\u00f3s o atendimento m\u00e9dico.<\/p>\n\n\n\n<blockquote class=\"wp-block-quote is-layout-flow wp-block-quote-is-layout-flow\"><p>&#8220;No dia 26 de mar\u00e7o, ele come\u00e7ou a ter sintomas piores, como dificuldades para respirar, dores nos pulm\u00f5es e uma tosse muito seca. Levei ele ao pronto-socorro e a satura\u00e7\u00e3o de oxig\u00eanio dele estava muito baixa&#8221;, relata.<\/p><\/blockquote>\n\n\n\n<p>Jos\u00e9 foi internado com urg\u00eancia e encaminhado para a Unidade de Terapia Intensiva (UTI). Os exames apontaram ind\u00edcios de pneumonia, com caracter\u00edsticas semelhantes \u00e0s da Covid-19.<\/p>\n\n\n\n<p>Ap\u00f3s deixar o marido no hospital, M\u00e1rcia voltou para casa e soube que os problemas de sa\u00fade do pai haviam piorado. &#8220;Chamamos uma ambul\u00e2ncia e o acompanhei at\u00e9 o Hospital da Asa Norte (HRan), em Bras\u00edlia. Estive com ele durante toda aquela madrugada&#8221;, comenta. Ele tamb\u00e9m foi considerado um paciente suspeito de Covid-19, em raz\u00e3o dos problemas respirat\u00f3rios e da tomografia apontar comprometimento nos pulm\u00f5es.<\/p>\n\n\n\n<p>M\u00e1rcia confessa que chorou copiosamente ao chegar em casa, ap\u00f3s ver o marido e o pai no hospital.<\/p>\n\n\n\n<p>No dia 27 de mar\u00e7o, ela n\u00e3o saiu mais de casa. Ap\u00f3s ter sintomas como cansa\u00e7o, tosse e falta de ar, ela procurou atendimento e os m\u00e9dicos tamb\u00e9m a consideraram como um caso suspeito de Covid-19. Em raz\u00e3o disso, teve de ficar em isolamento.<\/p>\n\n\n\n<p>Em sua pr\u00f3pria casa, ela se trancou em sua su\u00edte para evitar contato com a m\u00e3e. &#8220;Precisava proteger a minha m\u00e3e, porque ela \u00e9 hipertensa e poderia at\u00e9 mesmo morrer se pegasse o v\u00edrus&#8221;, diz. A idosa foi a \u00fanica entre os quatro que n\u00e3o apresentou sintomas de Covid-19. &#8220;A minha m\u00e3e nunca foi de dar muitos abra\u00e7os ou beijos, ent\u00e3o acho que isso evitou que ela pegasse o v\u00edrus&#8221;, diz.<\/p>\n\n\n\n<p>Os resultados dos exames de M\u00e1rcia, Jos\u00e9 e Benedito deram positivo para Covid-19. &#8220;N\u00e3o sabemos quem pegou primeiro e passou para os outros. Pode ter sido o meu pai, durante a viagem; meu marido, durante o trabalho, ou at\u00e9 mesmo eu em algum momento que sa\u00ed de casa. \u00c9 dif\u00edcil saber&#8221;, diz M\u00e1rcia.<\/p>\n\n\n\n<h2 class=\"wp-block-heading\">As mortes do pai e do marido<\/h2>\n\n\n\n<p>Dentro da su\u00edte que dividia com o marido, M\u00e1rcia viveu dias angustiantes \u00e0 espera de respostas sobre a sa\u00fade dos entes queridos.<\/p>\n\n\n\n<p>Em 2 de abril, ela se assustou ao receber mensagens de condol\u00eancias nas redes sociais. &#8220;Estranhei, mas depois fiquei sabendo pela televis\u00e3o: confirmaram o \u00f3bito do sargento que estava internado no hospital. Era o meu marido. Primeiro contaram para a imprensa&#8221;, lamenta. No per\u00edodo em que esteve internado, o sargento teve um Acidente Vascular Cerebral (AVC) hemorr\u00e1gico, parada cardiorrespirat\u00f3ria e fal\u00eancia m\u00faltipla dos \u00f3rg\u00e3os.<\/p>\n\n\n\n<p>Ela confessa ter ficado anestesiada ao saber da morte do marido e permaneceu em sil\u00eancio. &#8220;N\u00e3o podia chorar na frente da minha m\u00e3e. Eu n\u00e3o queria que ela soubesse sozinha, porque eu n\u00e3o poderia ampar\u00e1-la naquele momento&#8221;, diz. M\u00e1rcia foi ao banheiro, abriu o chuveiro e chorou copiosamente a perda do marido.<\/p>\n\n\n\n<blockquote class=\"wp-block-quote is-layout-flow wp-block-quote-is-layout-flow\"><p>&#8220;Chorei baixinho. Foi muito dif\u00edcil conter a dor&#8221;, diz.<\/p><\/blockquote>\n\n\n\n<figure class=\"wp-block-image size-large\"><img decoding=\"async\" width=\"25\" height=\"14\" data-src=\"http:\/\/www.caririemacao.com\/1\/wp-content\/uploads\/2020\/04\/image-14.jpeg\" alt=\"Sargento Jos\u00e9 Romildo iria se aposentar nos pr\u00f3ximos meses e planejava diversas viagens junto com a esposa \u2014 Foto: Arquivo pessoal\/BBC\" class=\"wp-image-165718 lazyload\" src=\"data:image\/svg+xml;base64,PHN2ZyB3aWR0aD0iMSIgaGVpZ2h0PSIxIiB4bWxucz0iaHR0cDovL3d3dy53My5vcmcvMjAwMC9zdmciPjwvc3ZnPg==\" style=\"--smush-placeholder-width: 25px; --smush-placeholder-aspect-ratio: 25\/14;\" \/><\/figure>\n\n\n\n<figure class=\"wp-block-image\"><img decoding=\"async\" data-src=\"https:\/\/s2.glbimg.com\/ddyjcHJWzIUKm5fXQ2C9veGTodY=\/0x0:624x351\/984x0\/smart\/filters:strip_icc()\/i.s3.glbimg.com\/v1\/AUTH_59edd422c0c84a879bd37670ae4f538a\/internal_photos\/bs\/2020\/I\/c\/3BhuRySkCHldxOlI6aLg\/111906137-familiaa4.png\" alt=\"Sargento Jos\u00e9 Romildo iria se aposentar nos pr\u00f3ximos meses e planejava diversas viagens junto com a esposa \u2014 Foto: Arquivo pessoal\/BBC\" src=\"data:image\/svg+xml;base64,PHN2ZyB3aWR0aD0iMSIgaGVpZ2h0PSIxIiB4bWxucz0iaHR0cDovL3d3dy53My5vcmcvMjAwMC9zdmciPjwvc3ZnPg==\" class=\"lazyload\" \/><\/figure>\n\n\n\n<p>Sargento Jos\u00e9 Romildo iria se aposentar nos pr\u00f3ximos meses e planejava diversas viagens junto com a esposa \u2014 Foto: Arquivo pessoal\/BBC<\/p>\n\n\n\n<p>Dois dias depois, outra not\u00edcia triste: o pai dela teve uma parada cardiorrespirat\u00f3ria e n\u00e3o resistiu. &#8220;De novo fui para o chuveiro e comecei a chorar. Naquele momento, eu tive certeza de que a pr\u00f3xima seria eu.&#8221;<\/p>\n\n\n\n<p>Apesar de sentir dores pelo corpo, falta de ar e febre, ela n\u00e3o quis ser internada. &#8220;N\u00e3o queria deixar a minha m\u00e3e sozinha&#8221;, diz. Os tr\u00eas irm\u00e3os de M\u00e1rcia moram no Paran\u00e1.<\/p>\n\n\n\n<p>Jos\u00e9 e Benedito foram enterrados nos dias seguintes \u00e0s suas mortes. Os procedimentos f\u00fanebres foram breves. Eles estavam em caix\u00f5es lacrados, conforme determina a Ag\u00eancia Nacional de Vigil\u00e2ncia Sanit\u00e1ria (Anvisa). Um dos filhos de M\u00e1rcia \u2014 ela possui tr\u00eas, todos do primeiro casamento \u2014 e outros familiares ajudaram a organizar os enterros.<\/p>\n\n\n\n<p>&#8220;N\u00e3o consegui acompanhar nada. Estava em meu quarto, reclusa&#8221;, lamenta M\u00e1rcia. Na su\u00edte de casa, ela alternava entre momentos de incredulidade e outros de choro silencioso.<\/p>\n\n\n\n<p>Ap\u00f3s 15 dias em isolamento, M\u00e1rcia foi considerada recuperada. J\u00e1 sem sintomas, ela saiu da su\u00edte em 13 de abril. &#8220;A primeira coisa que fiz foi contar para a minha m\u00e3e. Ela ficou t\u00e3o incr\u00e9dula quanto eu. Estamos muito tristes com tudo isso. Mas parece que a ficha ainda n\u00e3o caiu. Uma n\u00e3o gosta de chorar na frente da outra&#8221;, diz M\u00e1rcia.<\/p>\n\n\n\n<p>Quando a situa\u00e7\u00e3o da pandemia acalmar, ela pretende levar a m\u00e3e de volta para o Paran\u00e1. &#8220;Farei isso daqui a alguns meses. Por enquanto, ela vai passar o isolamento comigo&#8221;, diz. &#8220;Uma est\u00e1 cuidando da outra. \u00c9 como se estiv\u00e9ssemos adiando o luto, para sofrermos l\u00e1 na frente, quando estivermos sozinhas. Foi a forma que encontramos para lidar com isso&#8221;, comenta.<\/p>\n\n\n\n<p>Evang\u00e9lica, ela afirma que se apegou \u00e0 f\u00e9 para enfrentar as perdas. &#8220;Independente da religi\u00e3o, acredito que a f\u00e9 \u00e9 muito importante em momentos assim&#8221;, pontua.<\/p>\n\n\n\n<p>O mais dif\u00edcil para M\u00e1rcia, desde as mortes de Jos\u00e9 e Benedito, tem sido lidar com a saudade. &#8220;O meu marido foi um homem incr\u00edvel. \u00c9ramos muito felizes. A gente planejava come\u00e7ar a viajar muito, ap\u00f3s a aposentadoria dele. A nossa vida era muito boa&#8221;, lamenta. &#8220;O meu pai tamb\u00e9m foi um homem incr\u00edvel. Ele fazia tudo pelos filhos e me ensinou muitas coisas&#8221;, diz.<\/p>\n\n\n\n<p>Ap\u00f3s as perdas, ela pede que as pessoas se conscientizem sobre os cuidados referentes ao novo coronav\u00edrus.<\/p>\n\n\n\n<blockquote class=\"wp-block-quote is-layout-flow wp-block-quote-is-layout-flow\"><p>&#8220;\u00c9 muito mais s\u00e9rio do que eu pensava. As pessoas precisam usar m\u00e1scaras e higienizar as m\u00e3os. Voc\u00ea nunca sabe o que vai acontecer em seu organismo quando pega o v\u00edrus. \u00c9 importante se cuidar, n\u00e3o s\u00f3 por voc\u00ea, mas tamb\u00e9m pelos outros&#8221;, diz M\u00e1rcia.<\/p><\/blockquote>\n\n\n\n<p>Com G1 PB<\/p>\n","protected":false},"excerpt":{"rendered":"<p>Uma visita dos pais, em 12 de mar\u00e7o, representou o in\u00edcio da fase mais dif\u00edcil da vida da enfermeira M\u00e1rcia Cristina dos Santos, de 50&hellip; <\/p>\n","protected":false},"author":1,"featured_media":165719,"comment_status":"closed","ping_status":"closed","sticky":false,"template":"","format":"standard","meta":{"sfsi_plus_gutenberg_text_before_share":"","sfsi_plus_gutenberg_show_text_before_share":"","sfsi_plus_gutenberg_icon_type":"","sfsi_plus_gutenberg_icon_alignemt":"","sfsi_plus_gutenburg_max_per_row":"","footnotes":""},"categories":[2],"tags":[],"class_list":["post-165715","post","type-post","status-publish","format-standard","has-post-thumbnail","hentry","category-geral"],"_links":{"self":[{"href":"https:\/\/www.caririemacao.com\/1\/wp-json\/wp\/v2\/posts\/165715","targetHints":{"allow":["GET"]}}],"collection":[{"href":"https:\/\/www.caririemacao.com\/1\/wp-json\/wp\/v2\/posts"}],"about":[{"href":"https:\/\/www.caririemacao.com\/1\/wp-json\/wp\/v2\/types\/post"}],"author":[{"embeddable":true,"href":"https:\/\/www.caririemacao.com\/1\/wp-json\/wp\/v2\/users\/1"}],"replies":[{"embeddable":true,"href":"https:\/\/www.caririemacao.com\/1\/wp-json\/wp\/v2\/comments?post=165715"}],"version-history":[{"count":1,"href":"https:\/\/www.caririemacao.com\/1\/wp-json\/wp\/v2\/posts\/165715\/revisions"}],"predecessor-version":[{"id":165720,"href":"https:\/\/www.caririemacao.com\/1\/wp-json\/wp\/v2\/posts\/165715\/revisions\/165720"}],"wp:featuredmedia":[{"embeddable":true,"href":"https:\/\/www.caririemacao.com\/1\/wp-json\/wp\/v2\/media\/165719"}],"wp:attachment":[{"href":"https:\/\/www.caririemacao.com\/1\/wp-json\/wp\/v2\/media?parent=165715"}],"wp:term":[{"taxonomy":"category","embeddable":true,"href":"https:\/\/www.caririemacao.com\/1\/wp-json\/wp\/v2\/categories?post=165715"},{"taxonomy":"post_tag","embeddable":true,"href":"https:\/\/www.caririemacao.com\/1\/wp-json\/wp\/v2\/tags?post=165715"}],"curies":[{"name":"wp","href":"https:\/\/api.w.org\/{rel}","templated":true}]}}