{"id":165727,"date":"2020-04-23T14:04:50","date_gmt":"2020-04-23T17:04:50","guid":{"rendered":"http:\/\/www.caririemacao.com\/1\/?p=165727"},"modified":"2020-04-23T14:04:51","modified_gmt":"2020-04-23T17:04:51","slug":"avioes-de-passageiros-poderao-transportar-pacientes-com-covid-19","status":"publish","type":"post","link":"https:\/\/www.caririemacao.com\/1\/2020\/04\/23\/avioes-de-passageiros-poderao-transportar-pacientes-com-covid-19\/","title":{"rendered":"Avi\u00f5es de passageiros poder\u00e3o transportar pacientes com covid-19"},"content":{"rendered":"\n<p> Os avi\u00f5es de passageiros poder\u00e3o transportar pessoas doentes em consequ\u00eancia de infec\u00e7\u00e3o pelo novo coronav\u00edrus (covid-19). Para isso, as empresas a\u00e9reas dever\u00e3o providenciar as mudan\u00e7as nas aeronaves, como ter sua configura\u00e7\u00e3o interna alterada para transporte do paciente.<\/p>\n\n\n\n<p>A Ag\u00eancia Nacional de Avia\u00e7\u00e3o Civil (Anac), permitiu as mudan\u00e7as em car\u00e1ter excepcional e tempor\u00e1rio, considerando a situa\u00e7\u00e3o de emerg\u00eancia advinda da pandemia. As altera\u00e7\u00f5es preveem&nbsp;a instala\u00e7\u00e3o de dispositivos de isolamento.<\/p>\n\n\n\n<p>A decis\u00e3o da Anac, publicada no&nbsp;<a href=\"http:\/\/www.in.gov.br\/web\/dou\/-\/decisao-n-83-de-20-de-abril-de-2020-253538758\" target=\"_blank\" rel=\"noreferrer noopener\"><em>Di\u00e1rio Oficial da Uni\u00e3o<\/em><\/a>&nbsp;desta quinta-feira (23), diz ainda que a combina\u00e7\u00e3o, dispositivo de isolamento\/maca, deve prover conten\u00e7\u00e3o adequada do paciente em condi\u00e7\u00f5es normais de voo.<\/p>\n\n\n\n<p>A ag\u00eancia recomenda ainda que o equipamento deve ter adequada fixa\u00e7\u00e3o \u00e0 base do sistema aerom\u00e9dico instalado na aeronave e o uso de oxig\u00eanio medicinal deve ser limitado \u00e0 quantidade para atender \u00e0s necessidades do paciente.<\/p>\n","protected":false},"excerpt":{"rendered":"<p>Os avi\u00f5es de passageiros poder\u00e3o transportar pessoas doentes em consequ\u00eancia de infec\u00e7\u00e3o pelo novo coronav\u00edrus (covid-19). Para isso, as empresas a\u00e9reas dever\u00e3o providenciar as mudan\u00e7as&hellip; <\/p>\n","protected":false},"author":2,"featured_media":165729,"comment_status":"closed","ping_status":"closed","sticky":false,"template":"","format":"standard","meta":{"sfsi_plus_gutenberg_text_before_share":"","sfsi_plus_gutenberg_show_text_before_share":"","sfsi_plus_gutenberg_icon_type":"","sfsi_plus_gutenberg_icon_alignemt":"","sfsi_plus_gutenburg_max_per_row":"","footnotes":""},"categories":[2],"tags":[],"class_list":["post-165727","post","type-post","status-publish","format-standard","has-post-thumbnail","hentry","category-geral"],"_links":{"self":[{"href":"https:\/\/www.caririemacao.com\/1\/wp-json\/wp\/v2\/posts\/165727","targetHints":{"allow":["GET"]}}],"collection":[{"href":"https:\/\/www.caririemacao.com\/1\/wp-json\/wp\/v2\/posts"}],"about":[{"href":"https:\/\/www.caririemacao.com\/1\/wp-json\/wp\/v2\/types\/post"}],"author":[{"embeddable":true,"href":"https:\/\/www.caririemacao.com\/1\/wp-json\/wp\/v2\/users\/2"}],"replies":[{"embeddable":true,"href":"https:\/\/www.caririemacao.com\/1\/wp-json\/wp\/v2\/comments?post=165727"}],"version-history":[{"count":1,"href":"https:\/\/www.caririemacao.com\/1\/wp-json\/wp\/v2\/posts\/165727\/revisions"}],"predecessor-version":[{"id":165730,"href":"https:\/\/www.caririemacao.com\/1\/wp-json\/wp\/v2\/posts\/165727\/revisions\/165730"}],"wp:featuredmedia":[{"embeddable":true,"href":"https:\/\/www.caririemacao.com\/1\/wp-json\/wp\/v2\/media\/165729"}],"wp:attachment":[{"href":"https:\/\/www.caririemacao.com\/1\/wp-json\/wp\/v2\/media?parent=165727"}],"wp:term":[{"taxonomy":"category","embeddable":true,"href":"https:\/\/www.caririemacao.com\/1\/wp-json\/wp\/v2\/categories?post=165727"},{"taxonomy":"post_tag","embeddable":true,"href":"https:\/\/www.caririemacao.com\/1\/wp-json\/wp\/v2\/tags?post=165727"}],"curies":[{"name":"wp","href":"https:\/\/api.w.org\/{rel}","templated":true}]}}