{"id":165728,"date":"2020-04-23T14:07:23","date_gmt":"2020-04-23T17:07:23","guid":{"rendered":"http:\/\/www.caririemacao.com\/1\/?p=165728"},"modified":"2020-04-23T14:08:08","modified_gmt":"2020-04-23T17:08:08","slug":"prefeitura-de-sao-jose-dos-cordeiros-mantem-compromisso-com-a-educacao-com-distribuicao-de-atividades-e-aulas-virtuais","status":"publish","type":"post","link":"https:\/\/www.caririemacao.com\/1\/2020\/04\/23\/prefeitura-de-sao-jose-dos-cordeiros-mantem-compromisso-com-a-educacao-com-distribuicao-de-atividades-e-aulas-virtuais\/","title":{"rendered":"Prefeitura de S\u00e3o Jos\u00e9 dos Cordeiros mant\u00e9m compromisso com a Educa\u00e7\u00e3o com distribui\u00e7\u00e3o de atividades e aulas virtuais"},"content":{"rendered":"\n<p>T\u00e9cnicos da Secretaria de Educa\u00e7\u00e3o de S\u00e3o Jos\u00e9 dos Cordeiros come\u00e7aram a entregar as tarefas escolares para alunos da rede municipal e aulas virtuais come\u00e7aram a ser transmitidas via WhatsApp. <\/p>\n\n\n\n<figure class=\"wp-block-image size-large\"><img fetchpriority=\"high\" decoding=\"async\" width=\"440\" height=\"332\" src=\"http:\/\/www.caririemacao.com\/1\/wp-content\/uploads\/2020\/04\/prefeiturasaojosedoscordeiros_20200423_5.jpg\" alt=\"\" class=\"wp-image-165733\" srcset=\"https:\/\/www.caririemacao.com\/1\/wp-content\/uploads\/2020\/04\/prefeiturasaojosedoscordeiros_20200423_5.jpg 440w, https:\/\/www.caririemacao.com\/1\/wp-content\/uploads\/2020\/04\/prefeiturasaojosedoscordeiros_20200423_5-300x226.jpg 300w\" sizes=\"(max-width: 440px) 100vw, 440px\" \/><\/figure>\n\n\n\n<figure class=\"wp-block-image size-large\"><img decoding=\"async\" width=\"580\" height=\"435\" data-src=\"http:\/\/www.caririemacao.com\/1\/wp-content\/uploads\/2020\/04\/prefeiturasaojosedoscordeiros_20200423_3.jpg\" alt=\"\" class=\"wp-image-165736 lazyload\" data-srcset=\"https:\/\/www.caririemacao.com\/1\/wp-content\/uploads\/2020\/04\/prefeiturasaojosedoscordeiros_20200423_3.jpg 580w, https:\/\/www.caririemacao.com\/1\/wp-content\/uploads\/2020\/04\/prefeiturasaojosedoscordeiros_20200423_3-300x225.jpg 300w\" data-sizes=\"(max-width: 580px) 100vw, 580px\" src=\"data:image\/svg+xml;base64,PHN2ZyB3aWR0aD0iMSIgaGVpZ2h0PSIxIiB4bWxucz0iaHR0cDovL3d3dy53My5vcmcvMjAwMC9zdmciPjwvc3ZnPg==\" style=\"--smush-placeholder-width: 580px; --smush-placeholder-aspect-ratio: 580\/435;\" \/><\/figure>\n\n\n\n<p><br>A estrat\u00e9gia da Secretaria Municipal de Educa\u00e7\u00e3o \u00e9 manter o v\u00ednculo pedag\u00f3gico em tempos de pandemia e suspens\u00e3o das aulas presenciais.<\/p>\n\n\n\n<p><br> <\/p>\n","protected":false},"excerpt":{"rendered":"<p>T\u00e9cnicos da Secretaria de Educa\u00e7\u00e3o de S\u00e3o Jos\u00e9 dos Cordeiros come\u00e7aram a entregar as tarefas escolares para alunos da rede municipal e aulas virtuais come\u00e7aram&hellip; <\/p>\n","protected":false},"author":1,"featured_media":165732,"comment_status":"closed","ping_status":"closed","sticky":false,"template":"","format":"standard","meta":{"sfsi_plus_gutenberg_text_before_share":"","sfsi_plus_gutenberg_show_text_before_share":"","sfsi_plus_gutenberg_icon_type":"","sfsi_plus_gutenberg_icon_alignemt":"","sfsi_plus_gutenburg_max_per_row":"","footnotes":""},"categories":[6,50],"tags":[],"class_list":["post-165728","post","type-post","status-publish","format-standard","has-post-thumbnail","hentry","category-cidades","category-destaque"],"_links":{"self":[{"href":"https:\/\/www.caririemacao.com\/1\/wp-json\/wp\/v2\/posts\/165728","targetHints":{"allow":["GET"]}}],"collection":[{"href":"https:\/\/www.caririemacao.com\/1\/wp-json\/wp\/v2\/posts"}],"about":[{"href":"https:\/\/www.caririemacao.com\/1\/wp-json\/wp\/v2\/types\/post"}],"author":[{"embeddable":true,"href":"https:\/\/www.caririemacao.com\/1\/wp-json\/wp\/v2\/users\/1"}],"replies":[{"embeddable":true,"href":"https:\/\/www.caririemacao.com\/1\/wp-json\/wp\/v2\/comments?post=165728"}],"version-history":[{"count":1,"href":"https:\/\/www.caririemacao.com\/1\/wp-json\/wp\/v2\/posts\/165728\/revisions"}],"predecessor-version":[{"id":165737,"href":"https:\/\/www.caririemacao.com\/1\/wp-json\/wp\/v2\/posts\/165728\/revisions\/165737"}],"wp:featuredmedia":[{"embeddable":true,"href":"https:\/\/www.caririemacao.com\/1\/wp-json\/wp\/v2\/media\/165732"}],"wp:attachment":[{"href":"https:\/\/www.caririemacao.com\/1\/wp-json\/wp\/v2\/media?parent=165728"}],"wp:term":[{"taxonomy":"category","embeddable":true,"href":"https:\/\/www.caririemacao.com\/1\/wp-json\/wp\/v2\/categories?post=165728"},{"taxonomy":"post_tag","embeddable":true,"href":"https:\/\/www.caririemacao.com\/1\/wp-json\/wp\/v2\/tags?post=165728"}],"curies":[{"name":"wp","href":"https:\/\/api.w.org\/{rel}","templated":true}]}}