{"id":165735,"date":"2020-04-23T14:08:03","date_gmt":"2020-04-23T17:08:03","guid":{"rendered":"http:\/\/www.caririemacao.com\/1\/?p=165735"},"modified":"2020-04-23T14:08:04","modified_gmt":"2020-04-23T17:08:04","slug":"covid-19-depen-suspende-por-30-dias-visitas-nos-presidios-federais","status":"publish","type":"post","link":"https:\/\/www.caririemacao.com\/1\/2020\/04\/23\/covid-19-depen-suspende-por-30-dias-visitas-nos-presidios-federais\/","title":{"rendered":"Covid-19: Depen suspende por 30 dias visitas nos pres\u00eddios federais"},"content":{"rendered":"\n<p>O Departamento do Penitenci\u00e1rio Nacional (Depen) suspendeu por 30 dias, a contar desta quinta-feira (23), as visitas, os atendimentos de advogados, as atividades educacionais, de trabalho, as assist\u00eancias religiosas e as escoltas realizadas nas penitenci\u00e1rias federais, como forma de preven\u00e7\u00e3o, controle e conten\u00e7\u00e3o de riscos do novo coronav\u00edrus (covid-19).<\/p>\n\n\n\n<p>A medida n\u00e3o atinge os casos de atendimentos de advogados, em decorr\u00eancia de necessidades urgentes ou que envolvam prazos processuais n\u00e3o suspensos; as escoltas de requisi\u00e7\u00f5es judiciais, inclus\u00f5es emergenciais e daquelas que por sua natureza, precisam ser realizadas.<\/p>\n\n\n\n<p>A portaria com a decis\u00e3o est\u00e1 publicada no&nbsp;<a href=\"http:\/\/www.in.gov.br\/web\/dou\/-\/portaria-n-12-de-22-de-abril-de-2020-253541565\" target=\"_blank\" rel=\"noreferrer noopener\"><em>Di\u00e1rio Oficial da Uni\u00e3o<\/em><\/a>&nbsp;de hoje e considera, entre outras a\u00e7\u00f5es, a situa\u00e7\u00e3o do emprego urgente de medidas de preven\u00e7\u00e3o, controle e conten\u00e7\u00e3o de riscos, danos e agravos \u00e0 sa\u00fade dos servidores, colaboradores e presos, enfim, a prote\u00e7\u00e3o de todos, a fim de evitar a dissemina\u00e7\u00e3o da doen\u00e7a no \u00e2mbito das penitenci\u00e1rias federais.<\/p>\n\n\n\n<p>O documento diz ainda que o Sistema Penitenci\u00e1rio Federal j\u00e1 elaborou o procedimento operacional padr\u00e3o de medidas de controle e preven\u00e7\u00e3o da doen\u00e7a, devido a necessidade de se estabelecer um plano de resposta e tamb\u00e9m padronizar a\u00e7\u00f5es e medidas de controle e preven\u00e7\u00e3o nas penitenci\u00e1rias federais.<\/p>\n\n\n\n<p>A portaria determia tamb\u00e9m que as penitenci\u00e1rias dever\u00e3o adotar as provid\u00eancias necess\u00e1rias de modo a promover o m\u00e1ximo isolamento dos presos maiores de 60 anos ou com doen\u00e7as cr\u00f4nicas durante as movimenta\u00e7\u00f5es internas nos estabelecimentos.<\/p>\n","protected":false},"excerpt":{"rendered":"<p>O Departamento do Penitenci\u00e1rio Nacional (Depen) suspendeu por 30 dias, a contar desta quinta-feira (23), as visitas, os atendimentos de advogados, as atividades educacionais, de&hellip; <\/p>\n","protected":false},"author":2,"featured_media":165738,"comment_status":"closed","ping_status":"closed","sticky":false,"template":"","format":"standard","meta":{"sfsi_plus_gutenberg_text_before_share":"","sfsi_plus_gutenberg_show_text_before_share":"","sfsi_plus_gutenberg_icon_type":"","sfsi_plus_gutenberg_icon_alignemt":"","sfsi_plus_gutenburg_max_per_row":"","footnotes":""},"categories":[2],"tags":[],"class_list":["post-165735","post","type-post","status-publish","format-standard","has-post-thumbnail","hentry","category-geral"],"_links":{"self":[{"href":"https:\/\/www.caririemacao.com\/1\/wp-json\/wp\/v2\/posts\/165735","targetHints":{"allow":["GET"]}}],"collection":[{"href":"https:\/\/www.caririemacao.com\/1\/wp-json\/wp\/v2\/posts"}],"about":[{"href":"https:\/\/www.caririemacao.com\/1\/wp-json\/wp\/v2\/types\/post"}],"author":[{"embeddable":true,"href":"https:\/\/www.caririemacao.com\/1\/wp-json\/wp\/v2\/users\/2"}],"replies":[{"embeddable":true,"href":"https:\/\/www.caririemacao.com\/1\/wp-json\/wp\/v2\/comments?post=165735"}],"version-history":[{"count":1,"href":"https:\/\/www.caririemacao.com\/1\/wp-json\/wp\/v2\/posts\/165735\/revisions"}],"predecessor-version":[{"id":165739,"href":"https:\/\/www.caririemacao.com\/1\/wp-json\/wp\/v2\/posts\/165735\/revisions\/165739"}],"wp:featuredmedia":[{"embeddable":true,"href":"https:\/\/www.caririemacao.com\/1\/wp-json\/wp\/v2\/media\/165738"}],"wp:attachment":[{"href":"https:\/\/www.caririemacao.com\/1\/wp-json\/wp\/v2\/media?parent=165735"}],"wp:term":[{"taxonomy":"category","embeddable":true,"href":"https:\/\/www.caririemacao.com\/1\/wp-json\/wp\/v2\/categories?post=165735"},{"taxonomy":"post_tag","embeddable":true,"href":"https:\/\/www.caririemacao.com\/1\/wp-json\/wp\/v2\/tags?post=165735"}],"curies":[{"name":"wp","href":"https:\/\/api.w.org\/{rel}","templated":true}]}}