{"id":165745,"date":"2020-04-23T14:57:46","date_gmt":"2020-04-23T17:57:46","guid":{"rendered":"http:\/\/www.caririemacao.com\/1\/?p=165745"},"modified":"2020-04-23T14:57:47","modified_gmt":"2020-04-23T17:57:47","slug":"sergio-moro-pede-demissao-apos-troca-de-diretor-geral-da-policia-federal","status":"publish","type":"post","link":"https:\/\/www.caririemacao.com\/1\/2020\/04\/23\/sergio-moro-pede-demissao-apos-troca-de-diretor-geral-da-policia-federal\/","title":{"rendered":"Sergio Moro pede demiss\u00e3o ap\u00f3s troca de diretor-geral da Pol\u00edcia Federal"},"content":{"rendered":"\n<figure class=\"wp-block-image\"><img decoding=\"async\" data-src=\"https:\/\/thumbor.clickpb.com.br\/QcVoBtgKTUyxHJaOWBK2M3DuGys=\/876x585\/top\/smart\/www.clickpb.com.br\/media\/filer_public\/b7\/dc\/b7dc92ec-6f98-4a61-87a7-a24193a1ffec\/sergio_moro_2019.jpg\" alt=\"\" src=\"data:image\/svg+xml;base64,PHN2ZyB3aWR0aD0iMSIgaGVpZ2h0PSIxIiB4bWxucz0iaHR0cDovL3d3dy53My5vcmcvMjAwMC9zdmciPjwvc3ZnPg==\" class=\"lazyload\" \/><figcaption>O Ministro da Justi\u00e7a e Seguran\u00e7a P\u00fablica Sergio Moro (Foto: Reprodu\u00e7\u00e3o)<\/figcaption><\/figure>\n\n\n\n<p>O Ministro da Justi\u00e7a e Seguran\u00e7a P\u00fablica Sergio Moro pediu\u00a0demiss\u00e3o a Jair Bolsonaro nesta quinta-feira (23), ap\u00f3s o presidente comunicar ao ministro que quer\u00a0tirar do comando da Pol\u00edcia Federal Maur\u00edcio Valeixo.\u00a0<\/p>\n\n\n\n<p>A informa\u00e7\u00e3o \u00e9 do site O Antagonista.<\/p>\n\n\n\n<p>Bolsonaro ainda tenta convencer Moro a permanecer no cargo.<\/p>\n\n\n\n<p>De acordo com o Blog da Andreia Sadi, o ministro da Justi\u00e7a, Sergio Moro, escolheu Valeixo quando assumiu a pasta \u2014 portanto, Valeixo \u00e9 um nome da confian\u00e7a de Moro.<\/p>\n","protected":false},"excerpt":{"rendered":"<p>O Ministro da Justi\u00e7a e Seguran\u00e7a P\u00fablica Sergio Moro pediu\u00a0demiss\u00e3o a Jair Bolsonaro nesta quinta-feira (23), ap\u00f3s o presidente comunicar ao ministro que quer\u00a0tirar do&hellip; <\/p>\n","protected":false},"author":2,"featured_media":153804,"comment_status":"closed","ping_status":"closed","sticky":false,"template":"","format":"standard","meta":{"sfsi_plus_gutenberg_text_before_share":"","sfsi_plus_gutenberg_show_text_before_share":"","sfsi_plus_gutenberg_icon_type":"","sfsi_plus_gutenberg_icon_alignemt":"","sfsi_plus_gutenburg_max_per_row":"","footnotes":""},"categories":[11],"tags":[],"class_list":["post-165745","post","type-post","status-publish","format-standard","has-post-thumbnail","hentry","category-politica"],"_links":{"self":[{"href":"https:\/\/www.caririemacao.com\/1\/wp-json\/wp\/v2\/posts\/165745","targetHints":{"allow":["GET"]}}],"collection":[{"href":"https:\/\/www.caririemacao.com\/1\/wp-json\/wp\/v2\/posts"}],"about":[{"href":"https:\/\/www.caririemacao.com\/1\/wp-json\/wp\/v2\/types\/post"}],"author":[{"embeddable":true,"href":"https:\/\/www.caririemacao.com\/1\/wp-json\/wp\/v2\/users\/2"}],"replies":[{"embeddable":true,"href":"https:\/\/www.caririemacao.com\/1\/wp-json\/wp\/v2\/comments?post=165745"}],"version-history":[{"count":1,"href":"https:\/\/www.caririemacao.com\/1\/wp-json\/wp\/v2\/posts\/165745\/revisions"}],"predecessor-version":[{"id":165746,"href":"https:\/\/www.caririemacao.com\/1\/wp-json\/wp\/v2\/posts\/165745\/revisions\/165746"}],"wp:featuredmedia":[{"embeddable":true,"href":"https:\/\/www.caririemacao.com\/1\/wp-json\/wp\/v2\/media\/153804"}],"wp:attachment":[{"href":"https:\/\/www.caririemacao.com\/1\/wp-json\/wp\/v2\/media?parent=165745"}],"wp:term":[{"taxonomy":"category","embeddable":true,"href":"https:\/\/www.caririemacao.com\/1\/wp-json\/wp\/v2\/categories?post=165745"},{"taxonomy":"post_tag","embeddable":true,"href":"https:\/\/www.caririemacao.com\/1\/wp-json\/wp\/v2\/tags?post=165745"}],"curies":[{"name":"wp","href":"https:\/\/api.w.org\/{rel}","templated":true}]}}