{"id":165757,"date":"2020-04-23T18:11:45","date_gmt":"2020-04-23T21:11:45","guid":{"rendered":"http:\/\/www.caririemacao.com\/1\/?p=165757"},"modified":"2020-04-23T18:11:47","modified_gmt":"2020-04-23T21:11:47","slug":"portal-da-transparencia-divulga-gastos-federais-especificos-para-combate-ao-novo-coronavirus","status":"publish","type":"post","link":"https:\/\/www.caririemacao.com\/1\/2020\/04\/23\/portal-da-transparencia-divulga-gastos-federais-especificos-para-combate-ao-novo-coronavirus\/","title":{"rendered":"Portal da Transpar\u00eancia divulga gastos federais espec\u00edficos para combate ao novo coronav\u00edrus"},"content":{"rendered":"\n<p>Portal da Transpar\u00eancia, mantido pela Controladoria-Geral da Uni\u00e3o (CGU),&nbsp;divulga&nbsp;os valores or\u00e7ament\u00e1rios e a execu\u00e7\u00e3o de despesas do Governo Federal relacionados especificamente ao enfrentamento da pandemia de coronav\u00edrus em todo o pa\u00eds. Por meio da a\u00e7\u00e3o or\u00e7ament\u00e1ria \u201c21C0\u201d, \u00e9 poss\u00edvel consultar e detalhar gastos diretos, bem como transfer\u00eancias aos Estados e munic\u00edpios.<\/p>\n\n\n\n<p>At\u00e9 esta quarta-feira (25), data da \u00faltima atualiza\u00e7\u00e3o, foram empenhados cerca de R$ 2,01 bilh\u00f5es, com destaque para as transfer\u00eancias de R$ 1,21 bilh\u00e3o aos fundos municipais de sa\u00fade (<a href=\"http:\/\/www.portaltransparencia.gov.br\/url\/4402ec66\">detalhar<\/a>) e de R$ 424 milh\u00f5es dos fundos estaduais (<a href=\"http:\/\/www.portaltransparencia.gov.br\/url\/3f8684f6\">detalhar<\/a>), essa \u00faltima com recursos j\u00e1 liquidados e pagos. J\u00e1 em valores or\u00e7ados, o Governo Federal prev\u00ea &#8211; at\u00e9 o momento &#8211; a destina\u00e7\u00e3o de mais de R$ 5,11 bilh\u00f5es para a a\u00e7\u00e3o \u201c21C0\u201d, sendo R$ 2,75 bilh\u00f5es ao programa de \u201cAten\u00e7\u00e3o Especializada \u00e0 Sa\u00fade\u201d por parte do Minist\u00e9rio da Sa\u00fade.<\/p>\n\n\n\n<p>Os dados das consultas \u201cDespesas P\u00fablicas\u201d e \u201cOr\u00e7amento\u201d s\u00e3o atualizados diariamente no Portal da Transpar\u00eancia, tendo como fonte de informa\u00e7\u00e3o o Tesouro Gerencial. Cabe ressaltar que os gastos registrados na a\u00e7\u00e3o or\u00e7ament\u00e1ria espec\u00edfica \u201c21C0\u201d n\u00e3o representam todos os investimentos do Governo Federal no combate \u00e0 pandemia, j\u00e1 que os v\u00e1rios \u00f3rg\u00e3os envolvidos podem executar despesas por meio de outros programas e a\u00e7\u00f5es j\u00e1 previstas no or\u00e7amento. &nbsp;&nbsp;<\/p>\n\n\n\n<p><strong>Controle Social<\/strong><\/p>\n\n\n\n<p>Com a divulga\u00e7\u00e3o dos gastos espec\u00edficos relacionados \u00e0 atual emerg\u00eancia de sa\u00fade p\u00fablica, a CGU refor\u00e7a a import\u00e2ncia da transpar\u00eancia para fortalecimento do controle social, al\u00e9m dos principais pressupostos do Portal, que s\u00e3o: reunir e disponibilizar, num \u00fanico local, informa\u00e7\u00f5es financeiras e or\u00e7ament\u00e1rias provenientes de diversos sistemas governamentais; apresentar dados em linguagem cidad\u00e3 para simplificar o entendimento sobre os dados fornecidos; e identificar, o mais pr\u00f3ximo poss\u00edvel, o favorecido final dos recursos p\u00fablicos federais.<\/p>\n","protected":false},"excerpt":{"rendered":"<p>Portal da Transpar\u00eancia, mantido pela Controladoria-Geral da Uni\u00e3o (CGU),&nbsp;divulga&nbsp;os valores or\u00e7ament\u00e1rios e a execu\u00e7\u00e3o de despesas do Governo Federal relacionados especificamente ao enfrentamento da pandemia&hellip; <\/p>\n","protected":false},"author":1,"featured_media":165758,"comment_status":"closed","ping_status":"closed","sticky":false,"template":"","format":"standard","meta":{"sfsi_plus_gutenberg_text_before_share":"","sfsi_plus_gutenberg_show_text_before_share":"","sfsi_plus_gutenberg_icon_type":"","sfsi_plus_gutenberg_icon_alignemt":"","sfsi_plus_gutenburg_max_per_row":"","footnotes":""},"categories":[2],"tags":[],"class_list":["post-165757","post","type-post","status-publish","format-standard","has-post-thumbnail","hentry","category-geral"],"_links":{"self":[{"href":"https:\/\/www.caririemacao.com\/1\/wp-json\/wp\/v2\/posts\/165757","targetHints":{"allow":["GET"]}}],"collection":[{"href":"https:\/\/www.caririemacao.com\/1\/wp-json\/wp\/v2\/posts"}],"about":[{"href":"https:\/\/www.caririemacao.com\/1\/wp-json\/wp\/v2\/types\/post"}],"author":[{"embeddable":true,"href":"https:\/\/www.caririemacao.com\/1\/wp-json\/wp\/v2\/users\/1"}],"replies":[{"embeddable":true,"href":"https:\/\/www.caririemacao.com\/1\/wp-json\/wp\/v2\/comments?post=165757"}],"version-history":[{"count":1,"href":"https:\/\/www.caririemacao.com\/1\/wp-json\/wp\/v2\/posts\/165757\/revisions"}],"predecessor-version":[{"id":165759,"href":"https:\/\/www.caririemacao.com\/1\/wp-json\/wp\/v2\/posts\/165757\/revisions\/165759"}],"wp:featuredmedia":[{"embeddable":true,"href":"https:\/\/www.caririemacao.com\/1\/wp-json\/wp\/v2\/media\/165758"}],"wp:attachment":[{"href":"https:\/\/www.caririemacao.com\/1\/wp-json\/wp\/v2\/media?parent=165757"}],"wp:term":[{"taxonomy":"category","embeddable":true,"href":"https:\/\/www.caririemacao.com\/1\/wp-json\/wp\/v2\/categories?post=165757"},{"taxonomy":"post_tag","embeddable":true,"href":"https:\/\/www.caririemacao.com\/1\/wp-json\/wp\/v2\/tags?post=165757"}],"curies":[{"name":"wp","href":"https:\/\/api.w.org\/{rel}","templated":true}]}}