{"id":165770,"date":"2020-04-24T06:39:50","date_gmt":"2020-04-24T09:39:50","guid":{"rendered":"http:\/\/www.caririemacao.com\/1\/?p=165770"},"modified":"2020-04-24T06:39:52","modified_gmt":"2020-04-24T09:39:52","slug":"apos-afastamento-por-passar-mal-sikera-jr-diz-que-teste-para-covid-19-deu-negativo-e-gripe","status":"publish","type":"post","link":"https:\/\/www.caririemacao.com\/1\/2020\/04\/24\/apos-afastamento-por-passar-mal-sikera-jr-diz-que-teste-para-covid-19-deu-negativo-e-gripe\/","title":{"rendered":"Ap\u00f3s afastamento por passar mal, Sik\u00eara Jr. diz que teste para covid-19 deu negativo: &#8220;\u00c9 Gripe&#8221;"},"content":{"rendered":"\n<h1 class=\"wp-block-heading\"><\/h1>\n\n\n\n<p>O apresentador Sik\u00eara Jr., do &#8220;Alerta Nacional&#8221; da RedeTV!, reapareceu no jornal nesta quinta-feira (23), dessa vez como entrevistado. Ele foi substitu\u00eddo \u00e0s pressas na noite desta quarta-feira devido a um mal-estar.&nbsp;<\/p>\n\n\n\n<p>A dire\u00e7\u00e3o da emissora afastou o apresentador, devido aos sintomas de covid-19.&nbsp;<\/p>\n\n\n\n<p>Em entrevista ao vivo, o apresentador disse que fez um teste r\u00e1pido para covid-19, mas deu negativo.<\/p>\n\n\n\n<p>&#8220;Estou me recuperando. \u00c9 gripe. E toda gripe, agora, \u00e9 suspeita. E como sou do grupo de risco, a\u00ed fica todo mundo cismado. \u00c9 aquela coisa de tens\u00e3o. \u00c9 o momento. Eu sempre gripei, mas por esse momento especial, est\u00e1 todo mundo preocupado. Ontem, fiz o primeiro teste r\u00e1pido para covid-19 e deu negativo, gra\u00e7as a Deus&#8221;, comemorou.<\/p>\n\n\n\n<p>&#8220;Ent\u00e3o, para todo mundo ficar tranquilo, para que eu n\u00e3o leve risco \u00e0 TV inteira, \u00e9 prefer\u00edvel que eu fique em casa at\u00e9 segunda-feira, na minha quarentena, e ver se estou mesmo livre desta porrada chamada covid-19&#8221;, completou.<\/p>\n\n\n\n<p>Cont\u00e1gio<\/p>\n\n\n\n<p>De acordo com a Coluna de Ricardo Feltrin, na UOL, o clima na emissora \u00e9 de p\u00e2nico. Isso porque o \u00e2ncora interagiu ontem com dezenas e pessoas, quando j\u00e1 apresentava sinais de que n\u00e3o estava bem. Ele chegou a falar no ar que n\u00e3o estava nada bem e pediu para ir embora.<\/p>\n","protected":false},"excerpt":{"rendered":"<p>O apresentador Sik\u00eara Jr., do &#8220;Alerta Nacional&#8221; da RedeTV!, reapareceu no jornal nesta quinta-feira (23), dessa vez como entrevistado. Ele foi substitu\u00eddo \u00e0s pressas na&hellip; <\/p>\n","protected":false},"author":2,"featured_media":165771,"comment_status":"closed","ping_status":"closed","sticky":false,"template":"","format":"standard","meta":{"sfsi_plus_gutenberg_text_before_share":"","sfsi_plus_gutenberg_show_text_before_share":"","sfsi_plus_gutenberg_icon_type":"","sfsi_plus_gutenberg_icon_alignemt":"","sfsi_plus_gutenburg_max_per_row":"","footnotes":""},"categories":[50,2],"tags":[],"class_list":["post-165770","post","type-post","status-publish","format-standard","has-post-thumbnail","hentry","category-destaque","category-geral"],"_links":{"self":[{"href":"https:\/\/www.caririemacao.com\/1\/wp-json\/wp\/v2\/posts\/165770","targetHints":{"allow":["GET"]}}],"collection":[{"href":"https:\/\/www.caririemacao.com\/1\/wp-json\/wp\/v2\/posts"}],"about":[{"href":"https:\/\/www.caririemacao.com\/1\/wp-json\/wp\/v2\/types\/post"}],"author":[{"embeddable":true,"href":"https:\/\/www.caririemacao.com\/1\/wp-json\/wp\/v2\/users\/2"}],"replies":[{"embeddable":true,"href":"https:\/\/www.caririemacao.com\/1\/wp-json\/wp\/v2\/comments?post=165770"}],"version-history":[{"count":1,"href":"https:\/\/www.caririemacao.com\/1\/wp-json\/wp\/v2\/posts\/165770\/revisions"}],"predecessor-version":[{"id":165772,"href":"https:\/\/www.caririemacao.com\/1\/wp-json\/wp\/v2\/posts\/165770\/revisions\/165772"}],"wp:featuredmedia":[{"embeddable":true,"href":"https:\/\/www.caririemacao.com\/1\/wp-json\/wp\/v2\/media\/165771"}],"wp:attachment":[{"href":"https:\/\/www.caririemacao.com\/1\/wp-json\/wp\/v2\/media?parent=165770"}],"wp:term":[{"taxonomy":"category","embeddable":true,"href":"https:\/\/www.caririemacao.com\/1\/wp-json\/wp\/v2\/categories?post=165770"},{"taxonomy":"post_tag","embeddable":true,"href":"https:\/\/www.caririemacao.com\/1\/wp-json\/wp\/v2\/tags?post=165770"}],"curies":[{"name":"wp","href":"https:\/\/api.w.org\/{rel}","templated":true}]}}