{"id":165775,"date":"2020-04-24T06:44:03","date_gmt":"2020-04-24T09:44:03","guid":{"rendered":"http:\/\/www.caririemacao.com\/1\/?p=165775"},"modified":"2020-04-24T06:44:04","modified_gmt":"2020-04-24T09:44:04","slug":"paraiba-registra-44-mortes-e-386-casos-confirmados-de-covid-19","status":"publish","type":"post","link":"https:\/\/www.caririemacao.com\/1\/2020\/04\/24\/paraiba-registra-44-mortes-e-386-casos-confirmados-de-covid-19\/","title":{"rendered":"Para\u00edba registra 44 mortes e 386 casos confirmados de covid-19"},"content":{"rendered":"\n<p>A Secretaria de Sa\u00fade da Para\u00edba divulgou, na noite desta quinta-feira (23), um novo boletim atualizando os n\u00fameros do covid-19 na Para\u00edba.&nbsp;<\/p>\n\n\n\n<p>Confira abaixo:<\/p>\n\n\n\n<ul class=\"wp-block-list\"><li>Casos Confirmados:&nbsp; 386<\/li><li>Casos Descartados: 1274&nbsp;<\/li><li>\u00d3bitos confirmados: 44&nbsp;<\/li><li>Casos recuperados: 116<\/li><\/ul>\n\n\n\n<p>Dos 386 casos confirmados at\u00e9 esta quinta, 23 de abril, 116 j\u00e1 se recuperaram, 22 est\u00e3o hospitalizados, 4 deles em leitos de UTI e 44, infelizmente, faleceram. Os demais se recuperam em isolamento domiciliar acompanhados pelas secretarias municipais de sa\u00fade.&nbsp;<br><\/p>\n\n\n\n<p>Os casos est\u00e3o distribu\u00eddos em 28 munic\u00edpios:&nbsp;<\/p>\n\n\n\n<p>Jo\u00e3o Pessoa&nbsp; (254), Santa Rita&nbsp; (25), Campina Grande&nbsp; (30), Cabedelo ( 15), Bayeux&nbsp; (10), Patos (8), Junco do Serid\u00f3 (3), Pombal (2), Serra Branca (1), Sap\u00e9&nbsp; (10), Sousa (4), Igaracy (1), Tapero\u00e1 (1), S\u00e3o Jo\u00e3o do Rio do Peixe (2), Riach\u00e3o do Po\u00e7o (1), S\u00e3o Bento (1), Congo (1), Queimadas (1), Bom Jesus (1), Conde (1). Cruz do Esp\u00edrito Santo (1), Itabaiana (1), Cajazeiras (4), Itapororoca (2), Barra de S\u00e3o Miguel (1), Alagoa Nova (1), Coremas (1), Guarabira (3)<\/p>\n\n\n\n<p>4 \u00f3bitos ocorreram na Para\u00edba nas \u00faltimas 24h:<\/p>\n\n\n\n<p>Homem, adulto, 50 anos, residente em Jo\u00e3o Pessoa, como comorbidade apresentava insufici\u00eancia card\u00edaca congestiva, hipertenso, teve in\u00edcio dos sintomas em 16\/04, estava internado em hospital p\u00fablico. \u00d3bito ocorrido no dia 22\/04\/2020.<\/p>\n\n\n\n<p>Mulher, idosa, 77 anos, residente em Jo\u00e3o Pessoa, diab\u00e9tica, hipertensa, com in\u00edcio dos sintomas em 06\/04 apresentando n\u00e1useas, cansa\u00e7o. Deu entrada em UPA no dia 09\/04 e no dia 12\/04, ap\u00f3s agravamento, deu entrada no Hospital p\u00fablico. \u00d3bito ocorrido no dia 22\/04\/2020.<\/p>\n\n\n\n<p>Homem, adulto, 38 anos, residente em Jo\u00e3o Pessoa, sem hist\u00f3rico de comorbidade, estava interno em Hospital P\u00fablico em UTI, teve diagn\u00f3stico para COVID-19, foi transferido para refer\u00eancia COVID-19 e veio a \u00f3bito no dia 22\/04\/2020.<\/p>\n\n\n\n<p>Mulher, jovem, 44 anos, residente em Santa Rita, iniciou sintomas no dia 30\/03 com febre e dor de garganta, diarr\u00e9ia, tosse. No dia 07\/04 buscou assist\u00eancia em UPA, realizou exames e foi transferida para Hospital P\u00fablico refer\u00eancia para COVID-19.&nbsp; Sem relato de comorbidade. \u00d3bito ocorrido em 22\/04\/2020.<\/p>\n\n\n\n<p>No momento, 153 pessoas est\u00e3o internadas com notifica\u00e7\u00e3o para SRAG, sendo 116 em enfermaria (90 p\u00fablico \/ 26 privado) e 37 na UTI (26 p\u00fablico\/ 11 privado)<\/p>\n","protected":false},"excerpt":{"rendered":"<p>A Secretaria de Sa\u00fade da Para\u00edba divulgou, na noite desta quinta-feira (23), um novo boletim atualizando os n\u00fameros do covid-19 na Para\u00edba.&nbsp; Confira abaixo: Casos&hellip; <\/p>\n","protected":false},"author":2,"featured_media":165776,"comment_status":"closed","ping_status":"closed","sticky":false,"template":"","format":"standard","meta":{"sfsi_plus_gutenberg_text_before_share":"","sfsi_plus_gutenberg_show_text_before_share":"","sfsi_plus_gutenberg_icon_type":"","sfsi_plus_gutenberg_icon_alignemt":"","sfsi_plus_gutenburg_max_per_row":"","footnotes":""},"categories":[2],"tags":[],"class_list":["post-165775","post","type-post","status-publish","format-standard","has-post-thumbnail","hentry","category-geral"],"_links":{"self":[{"href":"https:\/\/www.caririemacao.com\/1\/wp-json\/wp\/v2\/posts\/165775","targetHints":{"allow":["GET"]}}],"collection":[{"href":"https:\/\/www.caririemacao.com\/1\/wp-json\/wp\/v2\/posts"}],"about":[{"href":"https:\/\/www.caririemacao.com\/1\/wp-json\/wp\/v2\/types\/post"}],"author":[{"embeddable":true,"href":"https:\/\/www.caririemacao.com\/1\/wp-json\/wp\/v2\/users\/2"}],"replies":[{"embeddable":true,"href":"https:\/\/www.caririemacao.com\/1\/wp-json\/wp\/v2\/comments?post=165775"}],"version-history":[{"count":1,"href":"https:\/\/www.caririemacao.com\/1\/wp-json\/wp\/v2\/posts\/165775\/revisions"}],"predecessor-version":[{"id":165777,"href":"https:\/\/www.caririemacao.com\/1\/wp-json\/wp\/v2\/posts\/165775\/revisions\/165777"}],"wp:featuredmedia":[{"embeddable":true,"href":"https:\/\/www.caririemacao.com\/1\/wp-json\/wp\/v2\/media\/165776"}],"wp:attachment":[{"href":"https:\/\/www.caririemacao.com\/1\/wp-json\/wp\/v2\/media?parent=165775"}],"wp:term":[{"taxonomy":"category","embeddable":true,"href":"https:\/\/www.caririemacao.com\/1\/wp-json\/wp\/v2\/categories?post=165775"},{"taxonomy":"post_tag","embeddable":true,"href":"https:\/\/www.caririemacao.com\/1\/wp-json\/wp\/v2\/tags?post=165775"}],"curies":[{"name":"wp","href":"https:\/\/api.w.org\/{rel}","templated":true}]}}