{"id":165787,"date":"2020-04-24T06:55:15","date_gmt":"2020-04-24T09:55:15","guid":{"rendered":"http:\/\/www.caririemacao.com\/1\/?p=165787"},"modified":"2020-04-24T06:55:17","modified_gmt":"2020-04-24T09:55:17","slug":"policia-civil-recupera-r-30-mil-em-produtos-roubados-de-loja-invadida-por-gangue-da-marcha-re","status":"publish","type":"post","link":"https:\/\/www.caririemacao.com\/1\/2020\/04\/24\/policia-civil-recupera-r-30-mil-em-produtos-roubados-de-loja-invadida-por-gangue-da-marcha-re\/","title":{"rendered":"Pol\u00edcia Civil recupera R$ 30 mil em produtos roubados de loja invadida por &#8216;gangue da marcha r\u00e9&#8217;"},"content":{"rendered":"\n<h1 class=\"wp-block-heading\"><\/h1>\n\n\n\n<p>A Pol\u00edcia Civil recuperou cerca de R$ 30 mil em produtos roubados na tarde desta quinta-feira (23), ap\u00f3s investiga\u00e7\u00f5es.&nbsp;<\/p>\n\n\n\n<p>De acordo com a Pol\u00edcia Civil, os produtos de roubo foram tomados pela &#8216;gangue de marcha r\u00e9&#8217;, cujo modus operandi envolve invadir lojas usando ve\u00edculos.<\/p>\n\n\n\n<p>De acordo com as investiga\u00e7\u00f5es da Pol\u00edcia Civil, o mandante do crime foi identificado como um apenado no Pres\u00eddio Serrot\u00e3o, em Campina Grande.&nbsp;<\/p>\n\n\n\n<p>Ele seria o respons\u00e1vel por ordenar ataques a estabelecimentos comerciais em Jo\u00e3o Pessoa.<\/p>\n\n\n\n<p>Alguns integrantes do grupo foram presos na \u00faltima semana, em a\u00e7\u00e3o da Pol\u00edcia Rodovi\u00e1ria Federal.<\/p>\n\n\n\n<p>Os produtos recuperados ser\u00e3o periciados e devolvidos aos propriet\u00e1rios.&nbsp;<\/p>\n","protected":false},"excerpt":{"rendered":"<p>A Pol\u00edcia Civil recuperou cerca de R$ 30 mil em produtos roubados na tarde desta quinta-feira (23), ap\u00f3s investiga\u00e7\u00f5es.&nbsp; De acordo com a Pol\u00edcia Civil,&hellip; <\/p>\n","protected":false},"author":2,"featured_media":165788,"comment_status":"closed","ping_status":"closed","sticky":false,"template":"","format":"standard","meta":{"sfsi_plus_gutenberg_text_before_share":"","sfsi_plus_gutenberg_show_text_before_share":"","sfsi_plus_gutenberg_icon_type":"","sfsi_plus_gutenberg_icon_alignemt":"","sfsi_plus_gutenburg_max_per_row":"","footnotes":""},"categories":[12],"tags":[],"class_list":["post-165787","post","type-post","status-publish","format-standard","has-post-thumbnail","hentry","category-policia"],"_links":{"self":[{"href":"https:\/\/www.caririemacao.com\/1\/wp-json\/wp\/v2\/posts\/165787","targetHints":{"allow":["GET"]}}],"collection":[{"href":"https:\/\/www.caririemacao.com\/1\/wp-json\/wp\/v2\/posts"}],"about":[{"href":"https:\/\/www.caririemacao.com\/1\/wp-json\/wp\/v2\/types\/post"}],"author":[{"embeddable":true,"href":"https:\/\/www.caririemacao.com\/1\/wp-json\/wp\/v2\/users\/2"}],"replies":[{"embeddable":true,"href":"https:\/\/www.caririemacao.com\/1\/wp-json\/wp\/v2\/comments?post=165787"}],"version-history":[{"count":1,"href":"https:\/\/www.caririemacao.com\/1\/wp-json\/wp\/v2\/posts\/165787\/revisions"}],"predecessor-version":[{"id":165789,"href":"https:\/\/www.caririemacao.com\/1\/wp-json\/wp\/v2\/posts\/165787\/revisions\/165789"}],"wp:featuredmedia":[{"embeddable":true,"href":"https:\/\/www.caririemacao.com\/1\/wp-json\/wp\/v2\/media\/165788"}],"wp:attachment":[{"href":"https:\/\/www.caririemacao.com\/1\/wp-json\/wp\/v2\/media?parent=165787"}],"wp:term":[{"taxonomy":"category","embeddable":true,"href":"https:\/\/www.caririemacao.com\/1\/wp-json\/wp\/v2\/categories?post=165787"},{"taxonomy":"post_tag","embeddable":true,"href":"https:\/\/www.caririemacao.com\/1\/wp-json\/wp\/v2\/tags?post=165787"}],"curies":[{"name":"wp","href":"https:\/\/api.w.org\/{rel}","templated":true}]}}