{"id":165793,"date":"2020-04-24T06:59:16","date_gmt":"2020-04-24T09:59:16","guid":{"rendered":"http:\/\/www.caririemacao.com\/1\/?p=165793"},"modified":"2020-04-24T06:59:17","modified_gmt":"2020-04-24T09:59:17","slug":"ministerio-da-justica-nao-confirma-demissao-de-moro","status":"publish","type":"post","link":"https:\/\/www.caririemacao.com\/1\/2020\/04\/24\/ministerio-da-justica-nao-confirma-demissao-de-moro\/","title":{"rendered":"Minist\u00e9rio da Justi\u00e7a &#8216;n\u00e3o confirma&#8217; demiss\u00e3o de Moro"},"content":{"rendered":"\n<h1 class=\"wp-block-heading\"><\/h1>\n\n\n\n<p>A Assessoria do Minist\u00e9rio da Justi\u00e7a afirmou, \u00e0s 15h10 desta quinta-feira (23), que o pedido de demiss\u00e3o do ministro Sergio Moro &#8220;n\u00e3o est\u00e1 confirmado&#8221;.<\/p>\n\n\n\n<p>A requisi\u00e7\u00e3o de Sergio Moro para deixar o cargo, relatada por diversos ve\u00edculos da imprensa nesta quinta-feira, foi relatada&nbsp;<a href=\"https:\/\/www.clickpb.com.br\/brasil\/moro-e-informado-de-troca-na-cupula-da-policia-federal-282721.html\">ap\u00f3s o an\u00fancio da troca do comando da Pol\u00edcia Federal<\/a>.&nbsp;<\/p>\n\n\n\n<p><strong>LEIA MAIS<\/strong>:&nbsp;<a href=\"https:\/\/www.clickpb.com.br\/brasil\/sergio-moro-pede-demissao-apos-troca-de-diretor-geral-da-policia-federal-282724.html\">Sergio Moro pede demiss\u00e3o ap\u00f3s troca de diretor-geral da Pol\u00edcia Federal<\/a><br><\/p>\n\n\n\n<p>O deputado federal capit\u00e3o Augusto (PL-SP), pr\u00f3ximo do ex-juiz da Lava Jato, disse \u00e0 UOL que tem uma reuni\u00e3o marcada com o ministro da Justi\u00e7a para a pr\u00f3xima ter\u00e7a-feira e que, por volta das 15h30 de hoje, confirmou o encontro com o pr\u00f3prio Sergio Moro.<\/p>\n\n\n\n<p>&#8220;Fiz contato agora pouco para saber se mant\u00e9m a agenda, est\u00e1 mantida, n\u00e3o pediu demiss\u00e3o&#8221;, disse capit\u00e3o Augusto \u00e0 reportagem.<\/p>\n\n\n\n<p>Nesta quinta-feira (23), o presidente Jair Bolsonaro disse em reuni\u00e3o com o ministro Moro que quer tirar o comando da Pol\u00edcia Federal de Maur\u00edcio Valeixo. Valeixo foi escolhido por Moro quando assumiu a pasta e \u00e9 um nome de confian\u00e7a do ex-juiz da Lava Jato.&nbsp;<\/p>\n\n\n\n<p>O ministro ent\u00e3o teria dito que, caso Valeixo fosse tirado do cargo, ele sairia do minist\u00e9rio.<\/p>\n\n\n\n<p>At\u00e9 o momento, nem Jair Bolsonaro nem Sergio Moro se pronunciaram oficialmente sobre o caso.<\/p>\n","protected":false},"excerpt":{"rendered":"<p>A Assessoria do Minist\u00e9rio da Justi\u00e7a afirmou, \u00e0s 15h10 desta quinta-feira (23), que o pedido de demiss\u00e3o do ministro Sergio Moro &#8220;n\u00e3o est\u00e1 confirmado&#8221;. A&hellip; <\/p>\n","protected":false},"author":2,"featured_media":165794,"comment_status":"closed","ping_status":"closed","sticky":false,"template":"","format":"standard","meta":{"sfsi_plus_gutenberg_text_before_share":"","sfsi_plus_gutenberg_show_text_before_share":"","sfsi_plus_gutenberg_icon_type":"","sfsi_plus_gutenberg_icon_alignemt":"","sfsi_plus_gutenburg_max_per_row":"","footnotes":""},"categories":[2],"tags":[],"class_list":["post-165793","post","type-post","status-publish","format-standard","has-post-thumbnail","hentry","category-geral"],"_links":{"self":[{"href":"https:\/\/www.caririemacao.com\/1\/wp-json\/wp\/v2\/posts\/165793","targetHints":{"allow":["GET"]}}],"collection":[{"href":"https:\/\/www.caririemacao.com\/1\/wp-json\/wp\/v2\/posts"}],"about":[{"href":"https:\/\/www.caririemacao.com\/1\/wp-json\/wp\/v2\/types\/post"}],"author":[{"embeddable":true,"href":"https:\/\/www.caririemacao.com\/1\/wp-json\/wp\/v2\/users\/2"}],"replies":[{"embeddable":true,"href":"https:\/\/www.caririemacao.com\/1\/wp-json\/wp\/v2\/comments?post=165793"}],"version-history":[{"count":1,"href":"https:\/\/www.caririemacao.com\/1\/wp-json\/wp\/v2\/posts\/165793\/revisions"}],"predecessor-version":[{"id":165795,"href":"https:\/\/www.caririemacao.com\/1\/wp-json\/wp\/v2\/posts\/165793\/revisions\/165795"}],"wp:featuredmedia":[{"embeddable":true,"href":"https:\/\/www.caririemacao.com\/1\/wp-json\/wp\/v2\/media\/165794"}],"wp:attachment":[{"href":"https:\/\/www.caririemacao.com\/1\/wp-json\/wp\/v2\/media?parent=165793"}],"wp:term":[{"taxonomy":"category","embeddable":true,"href":"https:\/\/www.caririemacao.com\/1\/wp-json\/wp\/v2\/categories?post=165793"},{"taxonomy":"post_tag","embeddable":true,"href":"https:\/\/www.caririemacao.com\/1\/wp-json\/wp\/v2\/tags?post=165793"}],"curies":[{"name":"wp","href":"https:\/\/api.w.org\/{rel}","templated":true}]}}