{"id":165808,"date":"2020-04-24T07:17:04","date_gmt":"2020-04-24T10:17:04","guid":{"rendered":"http:\/\/www.caririemacao.com\/1\/?p=165808"},"modified":"2020-04-24T07:17:06","modified_gmt":"2020-04-24T10:17:06","slug":"brasil-passa-de-3-mil-mortes-por-covid-19-total-de-recuperados-passa-de-26-mil","status":"publish","type":"post","link":"https:\/\/www.caririemacao.com\/1\/2020\/04\/24\/brasil-passa-de-3-mil-mortes-por-covid-19-total-de-recuperados-passa-de-26-mil\/","title":{"rendered":"Brasil passa de 3 mil mortes por covid-19; total de recuperados passa de 26 mil"},"content":{"rendered":"\n<figure class=\"wp-block-image\"><img decoding=\"async\" data-src=\"https:\/\/thumbor.clickpb.com.br\/ZizkWEES39gHIRT-S7xhq1c1bi4=\/876x585\/top\/smart\/www.clickpb.com.br\/media\/filer_public\/dd\/a5\/dda567fc-8a5b-4fde-b7ef-58f1d3e4db00\/covid-19_devorando_celulas_2.jpg\" alt=\"\" src=\"data:image\/svg+xml;base64,PHN2ZyB3aWR0aD0iMSIgaGVpZ2h0PSIxIiB4bWxucz0iaHR0cDovL3d3dy53My5vcmcvMjAwMC9zdmciPjwvc3ZnPg==\" class=\"lazyload\" \/><\/figure>\n\n\n\n<p>O Minist\u00e9rio da Sa\u00fade divulgou nesta quinta-feira (23) o mais recente balan\u00e7o dos casos de coronav\u00edrus no Brasil.&nbsp;<\/p>\n\n\n\n<p>Os principais dados s\u00e3o:<\/p>\n\n\n\n<ul class=\"wp-block-list\"><li>3.313 mortes, na quarta eram 2.906, 8,2 % a mais.<\/li><li>49.492 casos confirmados, na quarta eram 45.757, 14% a mais.<\/li><li>Em 7 dias, foram mais 1.172 mortes confirmadas.<\/li><li>S\u00e3o Paulo tem 16.740 casos e 1.345 mortes.<\/li><\/ul>\n\n\n\n<p><strong>LEIA MAIS<\/strong>:&nbsp;<a href=\"https:\/\/www.clickpb.com.br\/paraiba\/apos-prefeitura-de-sousa-anunciar-plano-de-reabrir-bares-e-restaurantes-ministerio-publico-alerta-e-recomenda-que-comercio-seja-mantido-fechado-282736.html\">Ap\u00f3s Prefeitura de Sousa anunciar plano de reabrir bares e restaurantes, Minist\u00e9rio P\u00fablico alerta e recomenda que com\u00e9rcio seja mantido fechado<\/a><br><\/p>\n\n\n\n<p>Foram confirmados mais 3.735 casos de ontem para hoje, o maior n\u00famero desde o in\u00edcio da epidemia no pa\u00eds. Agora, o total chega a 49.492.<\/p>\n\n\n\n<p>O minist\u00e9rio calcula que, deste total, 26.573 pessoas j\u00e1 tenham se curado da covid-19 no pa\u00eds, enquanto outras 19.606 continuam em acompanhamento.&nbsp;<\/p>\n\n\n\n<p>Em entrevista coletiva, nesta tarde, o ministro da Sa\u00fade, Nelson Teich, n\u00e3o soube explicar o motivo da alta do n\u00famero de \u00f3bitos.<\/p>\n\n\n\n<p>&#8220;A gente n\u00e3o sabe se representa um esfor\u00e7o de fechar os diagn\u00f3sticos ou se representa uma linha de tend\u00eancia de aumento.&#8221;<\/p>\n","protected":false},"excerpt":{"rendered":"<p>O Minist\u00e9rio da Sa\u00fade divulgou nesta quinta-feira (23) o mais recente balan\u00e7o dos casos de coronav\u00edrus no Brasil.&nbsp; Os principais dados s\u00e3o: 3.313 mortes, na&hellip; <\/p>\n","protected":false},"author":2,"featured_media":165400,"comment_status":"closed","ping_status":"closed","sticky":false,"template":"","format":"standard","meta":{"sfsi_plus_gutenberg_text_before_share":"","sfsi_plus_gutenberg_show_text_before_share":"","sfsi_plus_gutenberg_icon_type":"","sfsi_plus_gutenberg_icon_alignemt":"","sfsi_plus_gutenburg_max_per_row":"","footnotes":""},"categories":[2],"tags":[],"class_list":["post-165808","post","type-post","status-publish","format-standard","has-post-thumbnail","hentry","category-geral"],"_links":{"self":[{"href":"https:\/\/www.caririemacao.com\/1\/wp-json\/wp\/v2\/posts\/165808","targetHints":{"allow":["GET"]}}],"collection":[{"href":"https:\/\/www.caririemacao.com\/1\/wp-json\/wp\/v2\/posts"}],"about":[{"href":"https:\/\/www.caririemacao.com\/1\/wp-json\/wp\/v2\/types\/post"}],"author":[{"embeddable":true,"href":"https:\/\/www.caririemacao.com\/1\/wp-json\/wp\/v2\/users\/2"}],"replies":[{"embeddable":true,"href":"https:\/\/www.caririemacao.com\/1\/wp-json\/wp\/v2\/comments?post=165808"}],"version-history":[{"count":1,"href":"https:\/\/www.caririemacao.com\/1\/wp-json\/wp\/v2\/posts\/165808\/revisions"}],"predecessor-version":[{"id":165809,"href":"https:\/\/www.caririemacao.com\/1\/wp-json\/wp\/v2\/posts\/165808\/revisions\/165809"}],"wp:featuredmedia":[{"embeddable":true,"href":"https:\/\/www.caririemacao.com\/1\/wp-json\/wp\/v2\/media\/165400"}],"wp:attachment":[{"href":"https:\/\/www.caririemacao.com\/1\/wp-json\/wp\/v2\/media?parent=165808"}],"wp:term":[{"taxonomy":"category","embeddable":true,"href":"https:\/\/www.caririemacao.com\/1\/wp-json\/wp\/v2\/categories?post=165808"},{"taxonomy":"post_tag","embeddable":true,"href":"https:\/\/www.caririemacao.com\/1\/wp-json\/wp\/v2\/tags?post=165808"}],"curies":[{"name":"wp","href":"https:\/\/api.w.org\/{rel}","templated":true}]}}