{"id":165813,"date":"2020-04-24T07:26:42","date_gmt":"2020-04-24T10:26:42","guid":{"rendered":"http:\/\/www.caririemacao.com\/1\/?p=165813"},"modified":"2020-04-24T07:26:45","modified_gmt":"2020-04-24T10:26:45","slug":"paraiba-registra-reducao-de-11-no-consumo-de-energia-eletrica-durante-quarentena-aponta-levantamento","status":"publish","type":"post","link":"https:\/\/www.caririemacao.com\/1\/2020\/04\/24\/paraiba-registra-reducao-de-11-no-consumo-de-energia-eletrica-durante-quarentena-aponta-levantamento\/","title":{"rendered":"Para\u00edba registra redu\u00e7\u00e3o de 11% no consumo de energia el\u00e9trica durante quarentena, aponta levantamento"},"content":{"rendered":"\n<p>A Para\u00edba registrou uma redu\u00e7\u00e3o de 11% no consumo de energia el\u00e9trica durante o isolamento social, de acordo com o levantamento da C\u00e2mara de Comercializa\u00e7\u00e3o de Energia El\u00e9trica (CCEE). No total, a Para\u00edba ficou em quinto lugar entre os estados do Nordeste em maior redu\u00e7\u00e3o de consumo.<\/p>\n\n\n\n<p>Os dados s\u00e3o preliminares e comparam o per\u00edodo entre 18 de mar\u00e7o e 10 de abril com as semanas de 01\u00ba a 17 de mar\u00e7o, antes do in\u00edcio da quarentena. O levantamento considera a demanda do mercado cativo, em que o consumidor compra energia diretamente das distribuidoras, e do livre, que permite a escolha do fornecedor e a negocia\u00e7\u00e3o de conta<\/p>\n\n\n\n<p>No pa\u00eds, a queda no consumo de energia no Sistema Interligado Nacional entre os dias 18 de mar\u00e7o e 10 de abril foi de 10%. J\u00e1 no Ambiente de Contrata\u00e7\u00e3o Livre (ACL), a queda foi de 14%, ao passo que no Ambiente de Contrata\u00e7\u00e3o Regulada (ACR), a demanda diminuiu 9%, queda menor pela redu\u00e7\u00e3o da continuidade do consumo da classe residencial.<\/p>\n\n\n\n<p>A ind\u00fastria automotiva foi o segmento da economia que teve a maior queda no per\u00edodo, de 53%. J\u00e1 o t\u00eaxtil apresentou redu\u00e7\u00e3o de 40%. Em seguida, destaca-se o setor de servi\u00e7os, com redu\u00e7\u00e3o de 34%. Manufaturados reduziram a demanda em 26%, enquanto o setor de minerais n\u00e3o-met\u00e1licos e o com\u00e9rcio tiveram queda de 19% e 13%, respectivamente.<\/p>\n","protected":false},"excerpt":{"rendered":"<p>A Para\u00edba registrou uma redu\u00e7\u00e3o de 11% no consumo de energia el\u00e9trica durante o isolamento social, de acordo com o levantamento da C\u00e2mara de Comercializa\u00e7\u00e3o&hellip; <\/p>\n","protected":false},"author":2,"featured_media":165814,"comment_status":"closed","ping_status":"closed","sticky":false,"template":"","format":"standard","meta":{"sfsi_plus_gutenberg_text_before_share":"","sfsi_plus_gutenberg_show_text_before_share":"","sfsi_plus_gutenberg_icon_type":"","sfsi_plus_gutenberg_icon_alignemt":"","sfsi_plus_gutenburg_max_per_row":"","footnotes":""},"categories":[2],"tags":[],"class_list":["post-165813","post","type-post","status-publish","format-standard","has-post-thumbnail","hentry","category-geral"],"_links":{"self":[{"href":"https:\/\/www.caririemacao.com\/1\/wp-json\/wp\/v2\/posts\/165813","targetHints":{"allow":["GET"]}}],"collection":[{"href":"https:\/\/www.caririemacao.com\/1\/wp-json\/wp\/v2\/posts"}],"about":[{"href":"https:\/\/www.caririemacao.com\/1\/wp-json\/wp\/v2\/types\/post"}],"author":[{"embeddable":true,"href":"https:\/\/www.caririemacao.com\/1\/wp-json\/wp\/v2\/users\/2"}],"replies":[{"embeddable":true,"href":"https:\/\/www.caririemacao.com\/1\/wp-json\/wp\/v2\/comments?post=165813"}],"version-history":[{"count":1,"href":"https:\/\/www.caririemacao.com\/1\/wp-json\/wp\/v2\/posts\/165813\/revisions"}],"predecessor-version":[{"id":165815,"href":"https:\/\/www.caririemacao.com\/1\/wp-json\/wp\/v2\/posts\/165813\/revisions\/165815"}],"wp:featuredmedia":[{"embeddable":true,"href":"https:\/\/www.caririemacao.com\/1\/wp-json\/wp\/v2\/media\/165814"}],"wp:attachment":[{"href":"https:\/\/www.caririemacao.com\/1\/wp-json\/wp\/v2\/media?parent=165813"}],"wp:term":[{"taxonomy":"category","embeddable":true,"href":"https:\/\/www.caririemacao.com\/1\/wp-json\/wp\/v2\/categories?post=165813"},{"taxonomy":"post_tag","embeddable":true,"href":"https:\/\/www.caririemacao.com\/1\/wp-json\/wp\/v2\/tags?post=165813"}],"curies":[{"name":"wp","href":"https:\/\/api.w.org\/{rel}","templated":true}]}}