{"id":165825,"date":"2020-04-24T07:31:26","date_gmt":"2020-04-24T10:31:26","guid":{"rendered":"http:\/\/www.caririemacao.com\/1\/?p=165825"},"modified":"2020-04-24T07:31:27","modified_gmt":"2020-04-24T10:31:27","slug":"roberto-carlos-confirma-live-para-o-dia-das-maes","status":"publish","type":"post","link":"https:\/\/www.caririemacao.com\/1\/2020\/04\/24\/roberto-carlos-confirma-live-para-o-dia-das-maes\/","title":{"rendered":"Roberto Carlos confirma live para o Dia das M\u00e3es"},"content":{"rendered":"\n<p>Roberto Carlos anunciou nesta quinta-feira (23) que far\u00e1 uma nova live, desta vez, para celebrar o Dia das M\u00e3es. A apresenta\u00e7\u00e3o est\u00e1 marcada para o dia 10 de maio. De acordo com a assessoria de imprensa do cantor, o hor\u00e1rio e locais de exibi\u00e7\u00e3o ser\u00e3o anunciados em breve.<\/p>\n\n\n\n<p>Para Roberto Carlos, este novo show virtual tem como objetivo unir a fam\u00edlia e presentear todas as m\u00e3es com a can\u00e7\u00e3o Lady Laura (m\u00e3e do cantor, 1914-2010) e outros grandes sucessos da carreira.<\/p>\n","protected":false},"excerpt":{"rendered":"<p>Roberto Carlos anunciou nesta quinta-feira (23) que far\u00e1 uma nova live, desta vez, para celebrar o Dia das M\u00e3es. A apresenta\u00e7\u00e3o est\u00e1 marcada para o&hellip; <\/p>\n","protected":false},"author":2,"featured_media":165826,"comment_status":"closed","ping_status":"closed","sticky":false,"template":"","format":"standard","meta":{"sfsi_plus_gutenberg_text_before_share":"","sfsi_plus_gutenberg_show_text_before_share":"","sfsi_plus_gutenberg_icon_type":"","sfsi_plus_gutenberg_icon_alignemt":"","sfsi_plus_gutenburg_max_per_row":"","footnotes":""},"categories":[50,2],"tags":[],"class_list":["post-165825","post","type-post","status-publish","format-standard","has-post-thumbnail","hentry","category-destaque","category-geral"],"_links":{"self":[{"href":"https:\/\/www.caririemacao.com\/1\/wp-json\/wp\/v2\/posts\/165825","targetHints":{"allow":["GET"]}}],"collection":[{"href":"https:\/\/www.caririemacao.com\/1\/wp-json\/wp\/v2\/posts"}],"about":[{"href":"https:\/\/www.caririemacao.com\/1\/wp-json\/wp\/v2\/types\/post"}],"author":[{"embeddable":true,"href":"https:\/\/www.caririemacao.com\/1\/wp-json\/wp\/v2\/users\/2"}],"replies":[{"embeddable":true,"href":"https:\/\/www.caririemacao.com\/1\/wp-json\/wp\/v2\/comments?post=165825"}],"version-history":[{"count":1,"href":"https:\/\/www.caririemacao.com\/1\/wp-json\/wp\/v2\/posts\/165825\/revisions"}],"predecessor-version":[{"id":165827,"href":"https:\/\/www.caririemacao.com\/1\/wp-json\/wp\/v2\/posts\/165825\/revisions\/165827"}],"wp:featuredmedia":[{"embeddable":true,"href":"https:\/\/www.caririemacao.com\/1\/wp-json\/wp\/v2\/media\/165826"}],"wp:attachment":[{"href":"https:\/\/www.caririemacao.com\/1\/wp-json\/wp\/v2\/media?parent=165825"}],"wp:term":[{"taxonomy":"category","embeddable":true,"href":"https:\/\/www.caririemacao.com\/1\/wp-json\/wp\/v2\/categories?post=165825"},{"taxonomy":"post_tag","embeddable":true,"href":"https:\/\/www.caririemacao.com\/1\/wp-json\/wp\/v2\/tags?post=165825"}],"curies":[{"name":"wp","href":"https:\/\/api.w.org\/{rel}","templated":true}]}}