{"id":165831,"date":"2020-04-24T07:34:28","date_gmt":"2020-04-24T10:34:28","guid":{"rendered":"http:\/\/www.caririemacao.com\/1\/?p=165831"},"modified":"2020-04-24T07:34:31","modified_gmt":"2020-04-24T10:34:31","slug":"governador-espera-colaboracao-dos-poderes-diante-do-momento-de-crise-financeiros","status":"publish","type":"post","link":"https:\/\/www.caririemacao.com\/1\/2020\/04\/24\/governador-espera-colaboracao-dos-poderes-diante-do-momento-de-crise-financeiros\/","title":{"rendered":"Governador espera colabora\u00e7\u00e3o dos Poderes diante do momento de crise financeiros"},"content":{"rendered":"\n<p>\u201cN\u00e3o estamos defendendo de forma alguma a teoria de: Farinha pouca, meu pir\u00e3o primeiro\u201d.<\/p>\n\n\n\n<p>Foi como reagiu o governador do Estado, Jo\u00e3o Azev\u00eado sobre as medida que adotar\u00e1 em rela\u00e7\u00e3o ao repasse do duod\u00e9cimo aos Poderes e institui\u00e7\u00f5es paraibanas a partir do m\u00eas de maio, em decorr\u00eancia da situa\u00e7\u00e3o financeira da Para\u00edba.<\/p>\n\n\n\n<p>Ele admite que a negocia\u00e7\u00e3o n\u00e3o ser\u00e1 f\u00e1cil com os Poderes e que \u00e9 uma discuss\u00e3o muito complicada, porque o Estado passa por uma situa\u00e7\u00e3o financeira cr\u00edtica quando n\u00e3o \u00e9 um problema s\u00f3 dele, como tamb\u00e9m n\u00e3o quer cortar sal\u00e1rio de ningu\u00e9m.<\/p>\n\n\n\n<p>\u201cN\u00f3s estamos diante de uma pandemia. N\u00f3s estamos diante de uma economia mundial que vai reduzir entre 8 a 10%. O mundo inteiro est\u00e1 sofrendo consequ\u00eancias. Portanto, n\u00e3o podemos imaginar que os Poderes da Para\u00edba n\u00e3o possam dar sua parcela de contribui\u00e7\u00e3o. Eu sei que cada presidente de Poder tem interesse em colaborar nesse momento, quando o foco maior \u00e9 salvar vidas\u201d, destacou.<\/p>\n\n\n\n<p>A redu\u00e7\u00e3o do percentual de cerca de 7% do repasse aos Poderes que deveria ocorrer ainda neste m\u00eas ficou suspensa, conforme Azevedo houve uma justificativa de que a folha de pagamento j\u00e1 estaria pronta e que geraria uma dificuldade a mais em refaz\u00ea-la.<\/p>\n\n\n\n<p>\u201cN\u00e3o tem problema em rela\u00e7\u00e3o a isso. N\u00f3s decidimos que faremos uma reuni\u00e3o para ver quais as medidas e ser\u00e3o implementadas no pr\u00f3ximo m\u00eas. Eu tenho certeza que cada Poder que hoje que faz conosco essa an\u00e1lise, tem o interesse em contribuir\u201d, disse.<\/p>\n\n\n\n<p>Azev\u00eado explicou ainda que o Estado vem sofrendo consequ\u00eancias enormes por conta da queda da receita corrente l\u00edquida em rela\u00e7\u00e3o, principalmente, n arrecada\u00e7\u00e3o do ICMS, considerando que o FPE (Fundo de Participa\u00e7\u00e3o dos Estados) vai ser recomposto em n\u00edvel do ano de 2019, mesmo sendo a menor, mas que \u00e9 importante a recomposi\u00e7\u00e3o.<\/p>\n\n\n\n<p>\u201cPrecisamos entender que esse problema n\u00e3o \u00e9 s\u00f3 do Poder Executivo, mas sim de todos os Poderes. Ele \u00e9 um problema da sociedade e se n\u00e3o houver dinheiro para se honrar todos esses compromissos de duod\u00e9cimos teremos que compartilhar o problema sim, \u00e9 inevit\u00e1vel\u201d, advertiu o governador.<\/p>\n\n\n\n<p>Atualmente, o Tribunal de Justi\u00e7a recebe do Estado, R$ 668 milh\u00f5es, a Assembleia Legislativa R$ 306 milh\u00f5es, Tribunal de Contas R$ 144 milh\u00f5es, Minist\u00e9rio P\u00fablico R$258 milh\u00f5es, Defensoria P\u00fablica R$81 milh\u00f5es e a UEPB R$ 300 milh\u00f5es.<\/p>\n","protected":false},"excerpt":{"rendered":"<p>\u201cN\u00e3o estamos defendendo de forma alguma a teoria de: Farinha pouca, meu pir\u00e3o primeiro\u201d. Foi como reagiu o governador do Estado, Jo\u00e3o Azev\u00eado sobre as&hellip; <\/p>\n","protected":false},"author":2,"featured_media":165510,"comment_status":"closed","ping_status":"closed","sticky":false,"template":"","format":"standard","meta":{"sfsi_plus_gutenberg_text_before_share":"","sfsi_plus_gutenberg_show_text_before_share":"","sfsi_plus_gutenberg_icon_type":"","sfsi_plus_gutenberg_icon_alignemt":"","sfsi_plus_gutenburg_max_per_row":"","footnotes":""},"categories":[2],"tags":[],"class_list":["post-165831","post","type-post","status-publish","format-standard","has-post-thumbnail","hentry","category-geral"],"_links":{"self":[{"href":"https:\/\/www.caririemacao.com\/1\/wp-json\/wp\/v2\/posts\/165831","targetHints":{"allow":["GET"]}}],"collection":[{"href":"https:\/\/www.caririemacao.com\/1\/wp-json\/wp\/v2\/posts"}],"about":[{"href":"https:\/\/www.caririemacao.com\/1\/wp-json\/wp\/v2\/types\/post"}],"author":[{"embeddable":true,"href":"https:\/\/www.caririemacao.com\/1\/wp-json\/wp\/v2\/users\/2"}],"replies":[{"embeddable":true,"href":"https:\/\/www.caririemacao.com\/1\/wp-json\/wp\/v2\/comments?post=165831"}],"version-history":[{"count":1,"href":"https:\/\/www.caririemacao.com\/1\/wp-json\/wp\/v2\/posts\/165831\/revisions"}],"predecessor-version":[{"id":165832,"href":"https:\/\/www.caririemacao.com\/1\/wp-json\/wp\/v2\/posts\/165831\/revisions\/165832"}],"wp:featuredmedia":[{"embeddable":true,"href":"https:\/\/www.caririemacao.com\/1\/wp-json\/wp\/v2\/media\/165510"}],"wp:attachment":[{"href":"https:\/\/www.caririemacao.com\/1\/wp-json\/wp\/v2\/media?parent=165831"}],"wp:term":[{"taxonomy":"category","embeddable":true,"href":"https:\/\/www.caririemacao.com\/1\/wp-json\/wp\/v2\/categories?post=165831"},{"taxonomy":"post_tag","embeddable":true,"href":"https:\/\/www.caririemacao.com\/1\/wp-json\/wp\/v2\/tags?post=165831"}],"curies":[{"name":"wp","href":"https:\/\/api.w.org\/{rel}","templated":true}]}}