{"id":165835,"date":"2020-04-24T07:48:59","date_gmt":"2020-04-24T10:48:59","guid":{"rendered":"http:\/\/www.caririemacao.com\/1\/?p=165835"},"modified":"2020-04-24T07:49:01","modified_gmt":"2020-04-24T10:49:01","slug":"orientacao-da-oms-decisao-sobre-uti-nao-deve-se-basear-somente-na-idade","status":"publish","type":"post","link":"https:\/\/www.caririemacao.com\/1\/2020\/04\/24\/orientacao-da-oms-decisao-sobre-uti-nao-deve-se-basear-somente-na-idade\/","title":{"rendered":"Orienta\u00e7\u00e3o da OMS: decis\u00e3o sobre UTI n\u00e3o deve se basear somente na idade"},"content":{"rendered":"\n<figure class=\"wp-block-image\"><img decoding=\"async\" data-src=\"https:\/\/paraibaonline.com.br\/wp-content\/uploads\/2020\/04\/coronaviruscg-codecomcg.jpg\" alt=\"Foto: Codecom\/CG\" class=\"wp-image-850500 lazyload\" src=\"data:image\/svg+xml;base64,PHN2ZyB3aWR0aD0iMSIgaGVpZ2h0PSIxIiB4bWxucz0iaHR0cDovL3d3dy53My5vcmcvMjAwMC9zdmciPjwvc3ZnPg==\" \/><\/figure>\n\n\n\n<p> Nos pa\u00edses que estiverem enfrentando escassez de vagas em hospitais e UTIs para atender casos de Covid-19 (doen\u00e7a provocada pelo novo coronav\u00edrus), as decis\u00f5es sobre que paciente internar n\u00e3o devem se basear apenas na idade, afirmou nesta quinta (23) Catherine Smallwood, encarregada do setor de Emerg\u00eancias da se\u00e7\u00e3o europeia da OMS (Organiza\u00e7\u00e3o Mundial da Sa\u00fade).<\/p>\n\n\n\n<p>Embora nem todos os pa\u00edses acompanhem e\/ou divulguem as mortes em casas de idosos, dados de sete Estados europeus compilados pela LTC (entidade de pol\u00edticas p\u00fablicas para institui\u00e7\u00f5es de longa perman\u00eancia) mostram que at\u00e9 64% das pessoas que morreram na pandemia estavam em asilos.<\/p>\n\n\n\n<p>Catherine diz que \u00e9 preciso refor\u00e7ar a testagem de funcion\u00e1rios dessas casas e de todos os casos suspeitos, que os doentes devem ser tratados e que deve haver certeza de que eles foram curados antes de voltarem para os asilos.<\/p>\n\n\n\n<p>Embora os dados at\u00e9 agora indiquem que cerca de 95% dos mortos por coronav\u00edrus est\u00e3o acima dos 60 anos, idosos saud\u00e1veis, sem doen\u00e7as card\u00edacas ou diabetes tem grandes chances de sobreviver \u00e0 Covid-19, disse a especialista da OMS.<\/p>\n","protected":false},"excerpt":{"rendered":"<p>Nos pa\u00edses que estiverem enfrentando escassez de vagas em hospitais e UTIs para atender casos de Covid-19 (doen\u00e7a provocada pelo novo coronav\u00edrus), as decis\u00f5es sobre&hellip; <\/p>\n","protected":false},"author":2,"featured_media":165836,"comment_status":"closed","ping_status":"closed","sticky":false,"template":"","format":"standard","meta":{"sfsi_plus_gutenberg_text_before_share":"","sfsi_plus_gutenberg_show_text_before_share":"","sfsi_plus_gutenberg_icon_type":"","sfsi_plus_gutenberg_icon_alignemt":"","sfsi_plus_gutenburg_max_per_row":"","footnotes":""},"categories":[2],"tags":[],"class_list":["post-165835","post","type-post","status-publish","format-standard","has-post-thumbnail","hentry","category-geral"],"_links":{"self":[{"href":"https:\/\/www.caririemacao.com\/1\/wp-json\/wp\/v2\/posts\/165835","targetHints":{"allow":["GET"]}}],"collection":[{"href":"https:\/\/www.caririemacao.com\/1\/wp-json\/wp\/v2\/posts"}],"about":[{"href":"https:\/\/www.caririemacao.com\/1\/wp-json\/wp\/v2\/types\/post"}],"author":[{"embeddable":true,"href":"https:\/\/www.caririemacao.com\/1\/wp-json\/wp\/v2\/users\/2"}],"replies":[{"embeddable":true,"href":"https:\/\/www.caririemacao.com\/1\/wp-json\/wp\/v2\/comments?post=165835"}],"version-history":[{"count":1,"href":"https:\/\/www.caririemacao.com\/1\/wp-json\/wp\/v2\/posts\/165835\/revisions"}],"predecessor-version":[{"id":165837,"href":"https:\/\/www.caririemacao.com\/1\/wp-json\/wp\/v2\/posts\/165835\/revisions\/165837"}],"wp:featuredmedia":[{"embeddable":true,"href":"https:\/\/www.caririemacao.com\/1\/wp-json\/wp\/v2\/media\/165836"}],"wp:attachment":[{"href":"https:\/\/www.caririemacao.com\/1\/wp-json\/wp\/v2\/media?parent=165835"}],"wp:term":[{"taxonomy":"category","embeddable":true,"href":"https:\/\/www.caririemacao.com\/1\/wp-json\/wp\/v2\/categories?post=165835"},{"taxonomy":"post_tag","embeddable":true,"href":"https:\/\/www.caririemacao.com\/1\/wp-json\/wp\/v2\/tags?post=165835"}],"curies":[{"name":"wp","href":"https:\/\/api.w.org\/{rel}","templated":true}]}}