{"id":165841,"date":"2020-04-24T07:55:17","date_gmt":"2020-04-24T10:55:17","guid":{"rendered":"http:\/\/www.caririemacao.com\/1\/?p=165841"},"modified":"2020-04-24T07:55:19","modified_gmt":"2020-04-24T10:55:19","slug":"internacional-ainda-nao-acertou-renegociacao-salarial-com-o-seu-elenco","status":"publish","type":"post","link":"https:\/\/www.caririemacao.com\/1\/2020\/04\/24\/internacional-ainda-nao-acertou-renegociacao-salarial-com-o-seu-elenco\/","title":{"rendered":"Internacional ainda n\u00e3o acertou renegocia\u00e7\u00e3o salarial com o seu elenco"},"content":{"rendered":"\n<figure class=\"wp-block-image\"><img decoding=\"async\" data-src=\"https:\/\/paraibaonline.com.br\/wp-content\/uploads\/2019\/07\/GRENAL.jpg\" alt=\"Foto: Itamar Aguiar\/ALLSPORTS\" class=\"wp-image-752915 lazyload\" src=\"data:image\/svg+xml;base64,PHN2ZyB3aWR0aD0iMSIgaGVpZ2h0PSIxIiB4bWxucz0iaHR0cDovL3d3dy53My5vcmcvMjAwMC9zdmciPjwvc3ZnPg==\" \/><\/figure>\n\n\n\n<p> O Internacional ainda tem negocia\u00e7\u00e3o em curso com os jogadores para minimizar os impactos da pandemia do novo coronav\u00edrus. Segundo apurou o UOL Esporte, nenhum acordo coletivo foi fechado com o elenco principal e a ideia da diretoria \u00e9 tratar o tema como item do plano geral de redu\u00e7\u00e3o de custos no clube. Sem divulga\u00e7\u00e3o espec\u00edfica dos termos acordados com atletas.<\/p>\n\n\n\n<p>A ideia da diretoria \u00e9 cortar 30% do or\u00e7amento geral para 2020. A conta indica redu\u00e7\u00e3o de at\u00e9 R$ 113 milh\u00f5es em despesas, incluindo o departamento de futebol.<\/p>\n\n\n\n<p>O primeiro passo do Internacional para reduzir custos foi o fechamento do chamado time B. Tamb\u00e9m haver\u00e1 redu\u00e7\u00e3o de despesas no dia a dia, com muito prov\u00e1vel extin\u00e7\u00e3o da concentra\u00e7\u00e3o do elenco antes de jogos em Porto Alegre.<\/p>\n\n\n\n<p>Na segunda-feira (20) \u00e0 noite, o clube emitiu nota oficial para informar cria\u00e7\u00e3o de comit\u00ea de crise e confirmar oficialmente o plano de corte de um ter\u00e7o das despesas previstas para a temporada.<\/p>\n\n\n\n<p>O entendimento no Beira-Rio \u00e9 que o acordo com jogadores faz parte das medidas que v\u00e3o ajudar o clube a continuar com as contas em dia. O acerto, no entanto, n\u00e3o \u00e9 pedra angular do plano de conten\u00e7\u00e3o de despesas.<\/p>\n","protected":false},"excerpt":{"rendered":"<p>O Internacional ainda tem negocia\u00e7\u00e3o em curso com os jogadores para minimizar os impactos da pandemia do novo coronav\u00edrus. Segundo apurou o UOL Esporte, nenhum&hellip; <\/p>\n","protected":false},"author":2,"featured_media":165842,"comment_status":"closed","ping_status":"closed","sticky":false,"template":"","format":"standard","meta":{"sfsi_plus_gutenberg_text_before_share":"","sfsi_plus_gutenberg_show_text_before_share":"","sfsi_plus_gutenberg_icon_type":"","sfsi_plus_gutenberg_icon_alignemt":"","sfsi_plus_gutenburg_max_per_row":"","footnotes":""},"categories":[2],"tags":[],"class_list":["post-165841","post","type-post","status-publish","format-standard","has-post-thumbnail","hentry","category-geral"],"_links":{"self":[{"href":"https:\/\/www.caririemacao.com\/1\/wp-json\/wp\/v2\/posts\/165841","targetHints":{"allow":["GET"]}}],"collection":[{"href":"https:\/\/www.caririemacao.com\/1\/wp-json\/wp\/v2\/posts"}],"about":[{"href":"https:\/\/www.caririemacao.com\/1\/wp-json\/wp\/v2\/types\/post"}],"author":[{"embeddable":true,"href":"https:\/\/www.caririemacao.com\/1\/wp-json\/wp\/v2\/users\/2"}],"replies":[{"embeddable":true,"href":"https:\/\/www.caririemacao.com\/1\/wp-json\/wp\/v2\/comments?post=165841"}],"version-history":[{"count":1,"href":"https:\/\/www.caririemacao.com\/1\/wp-json\/wp\/v2\/posts\/165841\/revisions"}],"predecessor-version":[{"id":165843,"href":"https:\/\/www.caririemacao.com\/1\/wp-json\/wp\/v2\/posts\/165841\/revisions\/165843"}],"wp:featuredmedia":[{"embeddable":true,"href":"https:\/\/www.caririemacao.com\/1\/wp-json\/wp\/v2\/media\/165842"}],"wp:attachment":[{"href":"https:\/\/www.caririemacao.com\/1\/wp-json\/wp\/v2\/media?parent=165841"}],"wp:term":[{"taxonomy":"category","embeddable":true,"href":"https:\/\/www.caririemacao.com\/1\/wp-json\/wp\/v2\/categories?post=165841"},{"taxonomy":"post_tag","embeddable":true,"href":"https:\/\/www.caririemacao.com\/1\/wp-json\/wp\/v2\/tags?post=165841"}],"curies":[{"name":"wp","href":"https:\/\/api.w.org\/{rel}","templated":true}]}}