{"id":165851,"date":"2020-04-24T08:03:22","date_gmt":"2020-04-24T11:03:22","guid":{"rendered":"http:\/\/www.caririemacao.com\/1\/?p=165851"},"modified":"2020-04-24T08:03:24","modified_gmt":"2020-04-24T11:03:24","slug":"partidos-ja-negociam-espacos-no-governo-federal-em-troca-de-apoio","status":"publish","type":"post","link":"https:\/\/www.caririemacao.com\/1\/2020\/04\/24\/partidos-ja-negociam-espacos-no-governo-federal-em-troca-de-apoio\/","title":{"rendered":"Partidos j\u00e1 negociam espa\u00e7os no governo federal em troca de apoio"},"content":{"rendered":"\n<figure class=\"wp-block-image\"><img decoding=\"async\" data-src=\"https:\/\/paraibaonline.com.br\/wp-content\/uploads\/2018\/04\/camara-federal5-567x410.jpg\" alt=\"Foto: Ascom\" class=\"wp-image-283683 lazyload\" src=\"data:image\/svg+xml;base64,PHN2ZyB3aWR0aD0iMSIgaGVpZ2h0PSIxIiB4bWxucz0iaHR0cDovL3d3dy53My5vcmcvMjAwMC9zdmciPjwvc3ZnPg==\" style=\"--smush-placeholder-width: 567px; --smush-placeholder-aspect-ratio: 567\/410;\" \/><\/figure>\n\n\n\n<p>Foto: Ascom<\/p>\n\n\n\n<p>Tem avan\u00e7ado rapidamente o \u00b4namoro\u00b4 do presidente Bolsonaro com o que ele chama de \u00b4velha pol\u00edtica\u00b4.<\/p>\n\n\n\n<p>Lideran\u00e7as do PP, PL, PSD, PTB, PTB, MDB e Republicanos j\u00e1 discutem espa\u00e7os a serem ocupados na estrutura federal.<\/p>\n\n\n\n<p>Preliminarmente, as conversa\u00e7\u00f5es envolvem alguns cargos j\u00e1 conhecidos, al\u00e9m da expectativa do PTB, partido presidido pelo ex-deputado Roberto Jefferson.<\/p>\n\n\n\n<p>De acordo com o portal UOL, o presidente Bolsonaro estuda a possibilidade de retirar poderes do Minist\u00e9rio da Economia, comandado pelo ministro Paulo Guedes, e recriar a pasta do Trabalho, que seria entregue ao PTB.<\/p>\n\n\n\n<p>O Progressistas tem interesse na dire\u00e7\u00e3o do Dnocs; na secretaria geral (2\u00ba cargo em import\u00e2ncia) do Minist\u00e9rio do Desenvolvimento Regional; e na gest\u00e3o do FNDE (Fundo Nacional de Desenvolvimento da Educa\u00e7\u00e3o) \u2013 or\u00e7amento de R$ 50 bilh\u00f5es.<\/p>\n\n\n\n<p>O PL (antigo PR) deseja indicar o presidente do Banco do Nordeste; o PSD quer comandar a Funasa (Funda\u00e7\u00e3o Nacional de Sa\u00fade); o Republicanos (ex-PRB) quer cargos na estrutura do Minist\u00e9rio da Sa\u00fade.<\/p>\n","protected":false},"excerpt":{"rendered":"<p>Foto: Ascom Tem avan\u00e7ado rapidamente o \u00b4namoro\u00b4 do presidente Bolsonaro com o que ele chama de \u00b4velha pol\u00edtica\u00b4. Lideran\u00e7as do PP, PL, PSD, PTB, PTB,&hellip; <\/p>\n","protected":false},"author":2,"featured_media":165852,"comment_status":"closed","ping_status":"closed","sticky":false,"template":"","format":"standard","meta":{"sfsi_plus_gutenberg_text_before_share":"","sfsi_plus_gutenberg_show_text_before_share":"","sfsi_plus_gutenberg_icon_type":"","sfsi_plus_gutenberg_icon_alignemt":"","sfsi_plus_gutenburg_max_per_row":"","footnotes":""},"categories":[2],"tags":[],"class_list":["post-165851","post","type-post","status-publish","format-standard","has-post-thumbnail","hentry","category-geral"],"_links":{"self":[{"href":"https:\/\/www.caririemacao.com\/1\/wp-json\/wp\/v2\/posts\/165851","targetHints":{"allow":["GET"]}}],"collection":[{"href":"https:\/\/www.caririemacao.com\/1\/wp-json\/wp\/v2\/posts"}],"about":[{"href":"https:\/\/www.caririemacao.com\/1\/wp-json\/wp\/v2\/types\/post"}],"author":[{"embeddable":true,"href":"https:\/\/www.caririemacao.com\/1\/wp-json\/wp\/v2\/users\/2"}],"replies":[{"embeddable":true,"href":"https:\/\/www.caririemacao.com\/1\/wp-json\/wp\/v2\/comments?post=165851"}],"version-history":[{"count":1,"href":"https:\/\/www.caririemacao.com\/1\/wp-json\/wp\/v2\/posts\/165851\/revisions"}],"predecessor-version":[{"id":165853,"href":"https:\/\/www.caririemacao.com\/1\/wp-json\/wp\/v2\/posts\/165851\/revisions\/165853"}],"wp:featuredmedia":[{"embeddable":true,"href":"https:\/\/www.caririemacao.com\/1\/wp-json\/wp\/v2\/media\/165852"}],"wp:attachment":[{"href":"https:\/\/www.caririemacao.com\/1\/wp-json\/wp\/v2\/media?parent=165851"}],"wp:term":[{"taxonomy":"category","embeddable":true,"href":"https:\/\/www.caririemacao.com\/1\/wp-json\/wp\/v2\/categories?post=165851"},{"taxonomy":"post_tag","embeddable":true,"href":"https:\/\/www.caririemacao.com\/1\/wp-json\/wp\/v2\/tags?post=165851"}],"curies":[{"name":"wp","href":"https:\/\/api.w.org\/{rel}","templated":true}]}}