{"id":165857,"date":"2020-04-24T08:06:52","date_gmt":"2020-04-24T11:06:52","guid":{"rendered":"http:\/\/www.caririemacao.com\/1\/?p=165857"},"modified":"2020-04-24T08:06:54","modified_gmt":"2020-04-24T11:06:54","slug":"ministerio-publico-do-trabalho-abre-centenas-de-inqueritos-pelo-brasil","status":"publish","type":"post","link":"https:\/\/www.caririemacao.com\/1\/2020\/04\/24\/ministerio-publico-do-trabalho-abre-centenas-de-inqueritos-pelo-brasil\/","title":{"rendered":"Minist\u00e9rio P\u00fablico do Trabalho abre centenas de inqu\u00e9ritos pelo Brasil"},"content":{"rendered":"\n<figure class=\"wp-block-image\"><img decoding=\"async\" data-src=\"https:\/\/paraibaonline.com.br\/wp-content\/uploads\/2020\/04\/carteira-trabalho-reproducao-mpt.jpg\" alt=\"Foto: Reprodu\u00e7\u00e3o\/MPT\" class=\"wp-image-852028 lazyload\" src=\"data:image\/svg+xml;base64,PHN2ZyB3aWR0aD0iMSIgaGVpZ2h0PSIxIiB4bWxucz0iaHR0cDovL3d3dy53My5vcmcvMjAwMC9zdmciPjwvc3ZnPg==\" \/><\/figure>\n\n\n\n<p> Reportagem do jornal Valor Econ\u00f4mico (SP) mostra que o Minist\u00e9rio P\u00fablico do Trabalho, em todo o pa\u00eds, abriu nas \u00faltimas semanas mais de 1.500 inqu\u00e9ritos civis para investigar empresas durante a pandemia.<\/p>\n\n\n\n<p>S\u00e3o casos de falta de equipamentos de prote\u00e7\u00e3o individual ou de demiss\u00f5es em massa sem negocia\u00e7\u00e3o com trabalhadores e sindicatos.<\/p>\n","protected":false},"excerpt":{"rendered":"<p>Reportagem do jornal Valor Econ\u00f4mico (SP) mostra que o Minist\u00e9rio P\u00fablico do Trabalho, em todo o pa\u00eds, abriu nas \u00faltimas semanas mais de 1.500 inqu\u00e9ritos&hellip; <\/p>\n","protected":false},"author":2,"featured_media":165858,"comment_status":"closed","ping_status":"closed","sticky":false,"template":"","format":"standard","meta":{"sfsi_plus_gutenberg_text_before_share":"","sfsi_plus_gutenberg_show_text_before_share":"","sfsi_plus_gutenberg_icon_type":"","sfsi_plus_gutenberg_icon_alignemt":"","sfsi_plus_gutenburg_max_per_row":"","footnotes":""},"categories":[2],"tags":[],"class_list":["post-165857","post","type-post","status-publish","format-standard","has-post-thumbnail","hentry","category-geral"],"_links":{"self":[{"href":"https:\/\/www.caririemacao.com\/1\/wp-json\/wp\/v2\/posts\/165857","targetHints":{"allow":["GET"]}}],"collection":[{"href":"https:\/\/www.caririemacao.com\/1\/wp-json\/wp\/v2\/posts"}],"about":[{"href":"https:\/\/www.caririemacao.com\/1\/wp-json\/wp\/v2\/types\/post"}],"author":[{"embeddable":true,"href":"https:\/\/www.caririemacao.com\/1\/wp-json\/wp\/v2\/users\/2"}],"replies":[{"embeddable":true,"href":"https:\/\/www.caririemacao.com\/1\/wp-json\/wp\/v2\/comments?post=165857"}],"version-history":[{"count":1,"href":"https:\/\/www.caririemacao.com\/1\/wp-json\/wp\/v2\/posts\/165857\/revisions"}],"predecessor-version":[{"id":165859,"href":"https:\/\/www.caririemacao.com\/1\/wp-json\/wp\/v2\/posts\/165857\/revisions\/165859"}],"wp:featuredmedia":[{"embeddable":true,"href":"https:\/\/www.caririemacao.com\/1\/wp-json\/wp\/v2\/media\/165858"}],"wp:attachment":[{"href":"https:\/\/www.caririemacao.com\/1\/wp-json\/wp\/v2\/media?parent=165857"}],"wp:term":[{"taxonomy":"category","embeddable":true,"href":"https:\/\/www.caririemacao.com\/1\/wp-json\/wp\/v2\/categories?post=165857"},{"taxonomy":"post_tag","embeddable":true,"href":"https:\/\/www.caririemacao.com\/1\/wp-json\/wp\/v2\/tags?post=165857"}],"curies":[{"name":"wp","href":"https:\/\/api.w.org\/{rel}","templated":true}]}}