{"id":165863,"date":"2020-04-24T08:13:27","date_gmt":"2020-04-24T11:13:27","guid":{"rendered":"http:\/\/www.caririemacao.com\/1\/?p=165863"},"modified":"2020-04-24T08:13:31","modified_gmt":"2020-04-24T11:13:31","slug":"sebrae-na-paraiba-meis-representam-756-do-total-de-pequenos-negocios","status":"publish","type":"post","link":"https:\/\/www.caririemacao.com\/1\/2020\/04\/24\/sebrae-na-paraiba-meis-representam-756-do-total-de-pequenos-negocios\/","title":{"rendered":"Sebrae: na Para\u00edba, MEIs representam 75,6% do total de pequenos neg\u00f3cios"},"content":{"rendered":"\n<h1 class=\"wp-block-heading\"><\/h1>\n\n\n\n<figure class=\"wp-block-image\"><img decoding=\"async\" data-src=\"https:\/\/paraibaonline.com.br\/wp-content\/uploads\/2020\/04\/empreendedorismo-divulgacao.jpg\" alt=\"Foto: Divulga\u00e7\u00e3o\" class=\"wp-image-852034 lazyload\" src=\"data:image\/svg+xml;base64,PHN2ZyB3aWR0aD0iMSIgaGVpZ2h0PSIxIiB4bWxucz0iaHR0cDovL3d3dy53My5vcmcvMjAwMC9zdmciPjwvc3ZnPg==\" \/><\/figure>\n\n\n\n<p>Criado por meio da Lei Complementar n\u00ba 128\/2008, que alterou a Lei Geral da Micro e Pequena Empresa, com o objetivo de incentivar a formaliza\u00e7\u00e3o no pa\u00eds, o microempreendedor individual (MEI) representa, atualmente, 75,6% do total de pequenos neg\u00f3cios na Para\u00edba, segundo o Sebrae. Dados da Receita Federal consolidados no \u00faltimo dia 18 apontam que o estado tem 137.371 MEIs optantes do Simples Nacional, de um total de 181.600 pequenos neg\u00f3cios que tamb\u00e9m aderiram a esse regime de tributa\u00e7\u00e3o.<\/p>\n\n\n\n<p>Ainda conforme o levantamento do \u00f3rg\u00e3o federal, o estado possui 44.229 microempresas (ME) e empresas de pequeno porte (EPP) adeptas do Simples Nacional. No pa\u00eds, a propor\u00e7\u00e3o de MEIs em rela\u00e7\u00e3o ao total de pequenos neg\u00f3cios \u00e9 semelhante \u00e0 da Para\u00edba. Das mais de 15 milh\u00f5es de pequenas empresas registradas no Brasil, 9,9 milh\u00f5es correspondem a MEIs, o que significa 66% do total registrado pela Receita Federal.<\/p>\n\n\n\n<p>De acordo com a analista t\u00e9cnica do Sebrae Para\u00edba, Rafaella Cat\u00e3o, diversos fatores s\u00e3o respons\u00e1veis pelo aumento significativo de microempreendedores individuais no estado.<\/p>\n\n\n\n<p>\u201cO percentual de MEI na Para\u00edba vem crescendo a cada ano tendo como principais fatores a facilidade na abertura e legaliza\u00e7\u00e3o do neg\u00f3cio, a situa\u00e7\u00e3o econ\u00f4mica do pa\u00eds, que fez o desemprego crescer e transformou a ideia de montar um pequeno neg\u00f3cio em uma op\u00e7\u00e3o, e a mudan\u00e7a cultural, que traz o empreendedorismo como alternativa de vida e carreira para a nova gera\u00e7\u00e3o\u201d, destacou.<\/p>\n\n\n\n<p>Al\u00e9m disso, a analista enumerou os motivos para o empreendedor buscar a formaliza\u00e7\u00e3o, mesmo diante do contexto atual de pandemia do coronav\u00edrus (Covid-19).<\/p>\n\n\n\n<p>\u201cA import\u00e2ncia \u00e9 pelo fato de estar com a atividade registrada, pois ao obter o CNPJ, a abertura de conta banc\u00e1ria \u00e9 facilitada, assim como pedido de empr\u00e9stimos. Al\u00e9m disso, a formaliza\u00e7\u00e3o beneficia a venda para outras empresas, emiss\u00e3o de notas fiscais, acesso ao alvar\u00e1 de funcionamento, direito \u00e0 aposentadoria, sal\u00e1rio-maternidade, aux\u00edlio doen\u00e7a e oportunidade de vender para \u00f3rg\u00e3os da administra\u00e7\u00e3o p\u00fablica\u201d, enfatizou.<\/p>\n\n\n\n<p><strong>Pagamento de impostos \u2013<\/strong>&nbsp;Com o prop\u00f3sito de facilitar a gest\u00e3o dos pequenos neg\u00f3cios durante as medidas de isolamento social adotadas para impedir a dissemina\u00e7\u00e3o do coronav\u00edrus, o Comit\u00ea Gestor do Simples Nacional tomou decis\u00f5es relacionadas ao pagamento de impostos apurados no regime. A medida beneficia tanto MEIs quanto os donos de micro e pequenas empresas.<\/p>\n\n\n\n<p>Em rela\u00e7\u00e3o aos tributos estaduais e municipais, o Comit\u00ea alongou o pagamento, por tr\u00eas meses, dos Impostos sobre Circula\u00e7\u00e3o de Mercadorias e Servi\u00e7os (ICMS) e Sobre Servi\u00e7os (ISS) apurados no Simples Nacional, com vencimento em abril, maio e junho de 2020 para micro e pequenas empresas. J\u00e1 para os MEIs, o prazo de estados e munic\u00edpios ser\u00e1 o mesmo concedido pela Uni\u00e3o: seis meses.<\/p>\n\n\n\n<p>Al\u00e9m disso, o Comit\u00ea Gestor do Simples Nacional aprovou, tamb\u00e9m, a prorroga\u00e7\u00e3o do prazo para entrega da declara\u00e7\u00e3o anual do microempreendedor individual (MEI). O procedimento, que \u00e9 obrigat\u00f3rio, deveria ser realizado at\u00e9 o dia 31 de maio. Com a nova decis\u00e3o, o prazo passa a ser o dia 30 de junho.<\/p>\n","protected":false},"excerpt":{"rendered":"<p>Criado por meio da Lei Complementar n\u00ba 128\/2008, que alterou a Lei Geral da Micro e Pequena Empresa, com o objetivo de incentivar a formaliza\u00e7\u00e3o&hellip; <\/p>\n","protected":false},"author":2,"featured_media":165864,"comment_status":"closed","ping_status":"closed","sticky":false,"template":"","format":"standard","meta":{"sfsi_plus_gutenberg_text_before_share":"","sfsi_plus_gutenberg_show_text_before_share":"","sfsi_plus_gutenberg_icon_type":"","sfsi_plus_gutenberg_icon_alignemt":"","sfsi_plus_gutenburg_max_per_row":"","footnotes":""},"categories":[2],"tags":[],"class_list":["post-165863","post","type-post","status-publish","format-standard","has-post-thumbnail","hentry","category-geral"],"_links":{"self":[{"href":"https:\/\/www.caririemacao.com\/1\/wp-json\/wp\/v2\/posts\/165863","targetHints":{"allow":["GET"]}}],"collection":[{"href":"https:\/\/www.caririemacao.com\/1\/wp-json\/wp\/v2\/posts"}],"about":[{"href":"https:\/\/www.caririemacao.com\/1\/wp-json\/wp\/v2\/types\/post"}],"author":[{"embeddable":true,"href":"https:\/\/www.caririemacao.com\/1\/wp-json\/wp\/v2\/users\/2"}],"replies":[{"embeddable":true,"href":"https:\/\/www.caririemacao.com\/1\/wp-json\/wp\/v2\/comments?post=165863"}],"version-history":[{"count":1,"href":"https:\/\/www.caririemacao.com\/1\/wp-json\/wp\/v2\/posts\/165863\/revisions"}],"predecessor-version":[{"id":165865,"href":"https:\/\/www.caririemacao.com\/1\/wp-json\/wp\/v2\/posts\/165863\/revisions\/165865"}],"wp:featuredmedia":[{"embeddable":true,"href":"https:\/\/www.caririemacao.com\/1\/wp-json\/wp\/v2\/media\/165864"}],"wp:attachment":[{"href":"https:\/\/www.caririemacao.com\/1\/wp-json\/wp\/v2\/media?parent=165863"}],"wp:term":[{"taxonomy":"category","embeddable":true,"href":"https:\/\/www.caririemacao.com\/1\/wp-json\/wp\/v2\/categories?post=165863"},{"taxonomy":"post_tag","embeddable":true,"href":"https:\/\/www.caririemacao.com\/1\/wp-json\/wp\/v2\/tags?post=165863"}],"curies":[{"name":"wp","href":"https:\/\/api.w.org\/{rel}","templated":true}]}}