{"id":165874,"date":"2020-04-24T08:22:47","date_gmt":"2020-04-24T11:22:47","guid":{"rendered":"http:\/\/www.caririemacao.com\/1\/?p=165874"},"modified":"2020-04-24T08:22:49","modified_gmt":"2020-04-24T11:22:49","slug":"apos-chuvas-no-cariri-acude-manoel-marcionilo-em-taperoa-comeca-a-sangrar-veja-o-video","status":"publish","type":"post","link":"https:\/\/www.caririemacao.com\/1\/2020\/04\/24\/apos-chuvas-no-cariri-acude-manoel-marcionilo-em-taperoa-comeca-a-sangrar-veja-o-video\/","title":{"rendered":"Ap\u00f3s chuvas no Cariri, A\u00e7ude Manoel Marcionilo em Tapero\u00e1 come\u00e7a a sangrar; VEJA O V\u00cdDEO"},"content":{"rendered":"\n<div class=\"wp-block-image\"><figure class=\"aligncenter\"><img decoding=\"async\" data-src=\"http:\/\/deolhonocariri.com.br\/wp-content\/uploads\/2020\/04\/ttttttaperoa.jpg\" alt=\"\" class=\"wp-image-81229 lazyload\" src=\"data:image\/svg+xml;base64,PHN2ZyB3aWR0aD0iMSIgaGVpZ2h0PSIxIiB4bWxucz0iaHR0cDovL3d3dy53My5vcmcvMjAwMC9zdmciPjwvc3ZnPg==\" \/><\/figure><\/div>\n\n\n\n<p>O a\u00e7ude Manoel Marcionilo, na cidade de Tapero\u00e1, no Cariri paraibano, ultrapassou a capacidade m\u00e1xima de armazenamento e come\u00e7ou a sangrar no in\u00edcio da tarde desta quinta-feira, dia 23 de abril.<\/p>\n\n\n\n<p>Segundo a Ag\u00eancia Executiva de Gest\u00e3o das \u00c1guas da Para\u00edba (Aesa) a sangria j\u00e1 era esperada, depois do aumento no volume do a\u00e7ude com as fortes chuvas ca\u00eddas na regi\u00e3o do Cariri desde o in\u00edcio desta semana. O reservat\u00f3rio tem capacidade para armazenar 15.148.900 de m\u00b3 de \u00e1gua.<\/p>\n\n\n\n<div class=\"wp-block-image\"><figure class=\"aligncenter\"><img decoding=\"async\" data-src=\"http:\/\/deolhonocariri.com.br\/wp-content\/uploads\/2020\/04\/taproa-555.jpg\" alt=\"\" class=\"wp-image-81227 lazyload\" src=\"data:image\/svg+xml;base64,PHN2ZyB3aWR0aD0iMSIgaGVpZ2h0PSIxIiB4bWxucz0iaHR0cDovL3d3dy53My5vcmcvMjAwMC9zdmciPjwvc3ZnPg==\" \/><\/figure><\/div>\n\n\n\n<div class=\"wp-block-image\"><figure class=\"aligncenter\"><img decoding=\"async\" data-src=\"http:\/\/deolhonocariri.com.br\/wp-content\/uploads\/2020\/04\/taperoa.jpg\" alt=\"\" class=\"wp-image-81228 lazyload\" src=\"data:image\/svg+xml;base64,PHN2ZyB3aWR0aD0iMSIgaGVpZ2h0PSIxIiB4bWxucz0iaHR0cDovL3d3dy53My5vcmcvMjAwMC9zdmciPjwvc3ZnPg==\" \/><\/figure><\/div>\n\n\n\n<p>Com o sangramento do a\u00e7ude, a \u00e1gua vai seguir pelo Rio Tapero\u00e1 at\u00e9 um pequeno a\u00e7ude na cidade de Santo Andr\u00e9. Depois disso, as \u00e1guas seguem para o s\u00edtio Jacar\u00e9, na zona rural de Cabaceiras, onde ocorre o encontro do Rio Tapero\u00e1 com o Rio Para\u00edba, j\u00e1 na entrada da bacia hidr\u00e1ulica do a\u00e7ude Epit\u00e1cio Pessoa, em Boqueir\u00e3o, que falta quatro metros para atingir o seu volume m\u00e1ximo.<\/p>\n\n\n\n<p>De olho no cariri<\/p>\n","protected":false},"excerpt":{"rendered":"<p>O a\u00e7ude Manoel Marcionilo, na cidade de Tapero\u00e1, no Cariri paraibano, ultrapassou a capacidade m\u00e1xima de armazenamento e come\u00e7ou a sangrar no in\u00edcio da tarde&hellip; <\/p>\n","protected":false},"author":2,"featured_media":165875,"comment_status":"closed","ping_status":"closed","sticky":false,"template":"","format":"standard","meta":{"sfsi_plus_gutenberg_text_before_share":"","sfsi_plus_gutenberg_show_text_before_share":"","sfsi_plus_gutenberg_icon_type":"","sfsi_plus_gutenberg_icon_alignemt":"","sfsi_plus_gutenburg_max_per_row":"","footnotes":""},"categories":[50,2],"tags":[],"class_list":["post-165874","post","type-post","status-publish","format-standard","has-post-thumbnail","hentry","category-destaque","category-geral"],"_links":{"self":[{"href":"https:\/\/www.caririemacao.com\/1\/wp-json\/wp\/v2\/posts\/165874","targetHints":{"allow":["GET"]}}],"collection":[{"href":"https:\/\/www.caririemacao.com\/1\/wp-json\/wp\/v2\/posts"}],"about":[{"href":"https:\/\/www.caririemacao.com\/1\/wp-json\/wp\/v2\/types\/post"}],"author":[{"embeddable":true,"href":"https:\/\/www.caririemacao.com\/1\/wp-json\/wp\/v2\/users\/2"}],"replies":[{"embeddable":true,"href":"https:\/\/www.caririemacao.com\/1\/wp-json\/wp\/v2\/comments?post=165874"}],"version-history":[{"count":1,"href":"https:\/\/www.caririemacao.com\/1\/wp-json\/wp\/v2\/posts\/165874\/revisions"}],"predecessor-version":[{"id":165876,"href":"https:\/\/www.caririemacao.com\/1\/wp-json\/wp\/v2\/posts\/165874\/revisions\/165876"}],"wp:featuredmedia":[{"embeddable":true,"href":"https:\/\/www.caririemacao.com\/1\/wp-json\/wp\/v2\/media\/165875"}],"wp:attachment":[{"href":"https:\/\/www.caririemacao.com\/1\/wp-json\/wp\/v2\/media?parent=165874"}],"wp:term":[{"taxonomy":"category","embeddable":true,"href":"https:\/\/www.caririemacao.com\/1\/wp-json\/wp\/v2\/categories?post=165874"},{"taxonomy":"post_tag","embeddable":true,"href":"https:\/\/www.caririemacao.com\/1\/wp-json\/wp\/v2\/tags?post=165874"}],"curies":[{"name":"wp","href":"https:\/\/api.w.org\/{rel}","templated":true}]}}