{"id":165884,"date":"2020-04-24T08:30:59","date_gmt":"2020-04-24T11:30:59","guid":{"rendered":"http:\/\/www.caririemacao.com\/1\/?p=165884"},"modified":"2020-04-24T08:31:01","modified_gmt":"2020-04-24T11:31:01","slug":"acude-pocoes-de-monteiro-volta-a-sangrar-e-aguas-seguem-para-camalau","status":"publish","type":"post","link":"https:\/\/www.caririemacao.com\/1\/2020\/04\/24\/acude-pocoes-de-monteiro-volta-a-sangrar-e-aguas-seguem-para-camalau\/","title":{"rendered":"A\u00e7ude Po\u00e7\u00f5es de Monteiro volta a sangrar e \u00e1guas seguem para Camala\u00fa"},"content":{"rendered":"\n<div class=\"wp-block-image\"><figure class=\"aligncenter\"><img decoding=\"async\" data-src=\"http:\/\/deolhonocariri.com.br\/wp-content\/uploads\/2020\/04\/Screenshot_20200422-1336392-740x414-1.png\" alt=\"\" class=\"wp-image-81159 lazyload\" src=\"data:image\/svg+xml;base64,PHN2ZyB3aWR0aD0iMSIgaGVpZ2h0PSIxIiB4bWxucz0iaHR0cDovL3d3dy53My5vcmcvMjAwMC9zdmciPjwvc3ZnPg==\" \/><\/figure><\/div>\n\n\n\n<p>Com as fortes chuvas que vem caindo na regi\u00e3o do Cariri paraibano, o a\u00e7ude Po\u00e7\u00f5es localizado no munic\u00edpio de Monteiro voltou a sangrar nesta quarta-feira(22), apresentando um volume expressivo de \u00e1gua em seu sangradouro.<\/p>\n\n\n\n<p>O manancial j\u00e1 tinha atingido a sua capacidade m\u00e1xima no \u00faltimo dia 30 de mar\u00e7o, quando recebeu uma recarga de 29.938.903 m\u00b3 de \u00e1gua e acabou atingindo 100,26%.&nbsp; O a\u00e7ude tem capacidade para armazenar 29.861.562 m\u00b3 de \u00e1gua, sendo considerado um dos maiores da regi\u00e3o.<\/p>\n\n\n\n<p>As \u00e1guas de Po\u00e7\u00f5es seguem para o A\u00e7ude de Camala\u00fa, que j\u00e1 est\u00e1 com 92,20% de sua capacidade, que equivale a 44.354.308 m\u00b3 de \u00e1gua, e pode atingir o seu n\u00edvel m\u00e1ximo nos pr\u00f3ximos dias.<\/p>\n\n\n\n<p><strong>De Olho no Cariri<\/strong><\/p>\n","protected":false},"excerpt":{"rendered":"<p>Com as fortes chuvas que vem caindo na regi\u00e3o do Cariri paraibano, o a\u00e7ude Po\u00e7\u00f5es localizado no munic\u00edpio de Monteiro voltou a sangrar nesta quarta-feira(22),&hellip; <\/p>\n","protected":false},"author":2,"featured_media":165885,"comment_status":"closed","ping_status":"closed","sticky":false,"template":"","format":"standard","meta":{"sfsi_plus_gutenberg_text_before_share":"","sfsi_plus_gutenberg_show_text_before_share":"","sfsi_plus_gutenberg_icon_type":"","sfsi_plus_gutenberg_icon_alignemt":"","sfsi_plus_gutenburg_max_per_row":"","footnotes":""},"categories":[2],"tags":[],"class_list":["post-165884","post","type-post","status-publish","format-standard","has-post-thumbnail","hentry","category-geral"],"_links":{"self":[{"href":"https:\/\/www.caririemacao.com\/1\/wp-json\/wp\/v2\/posts\/165884","targetHints":{"allow":["GET"]}}],"collection":[{"href":"https:\/\/www.caririemacao.com\/1\/wp-json\/wp\/v2\/posts"}],"about":[{"href":"https:\/\/www.caririemacao.com\/1\/wp-json\/wp\/v2\/types\/post"}],"author":[{"embeddable":true,"href":"https:\/\/www.caririemacao.com\/1\/wp-json\/wp\/v2\/users\/2"}],"replies":[{"embeddable":true,"href":"https:\/\/www.caririemacao.com\/1\/wp-json\/wp\/v2\/comments?post=165884"}],"version-history":[{"count":1,"href":"https:\/\/www.caririemacao.com\/1\/wp-json\/wp\/v2\/posts\/165884\/revisions"}],"predecessor-version":[{"id":165886,"href":"https:\/\/www.caririemacao.com\/1\/wp-json\/wp\/v2\/posts\/165884\/revisions\/165886"}],"wp:featuredmedia":[{"embeddable":true,"href":"https:\/\/www.caririemacao.com\/1\/wp-json\/wp\/v2\/media\/165885"}],"wp:attachment":[{"href":"https:\/\/www.caririemacao.com\/1\/wp-json\/wp\/v2\/media?parent=165884"}],"wp:term":[{"taxonomy":"category","embeddable":true,"href":"https:\/\/www.caririemacao.com\/1\/wp-json\/wp\/v2\/categories?post=165884"},{"taxonomy":"post_tag","embeddable":true,"href":"https:\/\/www.caririemacao.com\/1\/wp-json\/wp\/v2\/tags?post=165884"}],"curies":[{"name":"wp","href":"https:\/\/api.w.org\/{rel}","templated":true}]}}