{"id":165894,"date":"2020-04-24T08:37:35","date_gmt":"2020-04-24T11:37:35","guid":{"rendered":"http:\/\/www.caririemacao.com\/1\/?p=165894"},"modified":"2020-04-24T08:37:37","modified_gmt":"2020-04-24T11:37:37","slug":"prefeito-jefferson-roberto-vistoria-construcao-de-nova-escola-em-sao-jose-dos-cordeiros","status":"publish","type":"post","link":"https:\/\/www.caririemacao.com\/1\/2020\/04\/24\/prefeito-jefferson-roberto-vistoria-construcao-de-nova-escola-em-sao-jose-dos-cordeiros\/","title":{"rendered":"Prefeito Jefferson Roberto vistoria constru\u00e7\u00e3o de nova escola em S\u00e3o Jos\u00e9 dos Cordeiros"},"content":{"rendered":"\n<div class=\"wp-block-image\"><figure class=\"aligncenter\"><img decoding=\"async\" data-src=\"http:\/\/deolhonocariri.com.br\/wp-content\/uploads\/2020\/04\/94473293_575908203275673_9162854010623885312_n.jpg\" alt=\"\" class=\"wp-image-81242 lazyload\" src=\"data:image\/svg+xml;base64,PHN2ZyB3aWR0aD0iMSIgaGVpZ2h0PSIxIiB4bWxucz0iaHR0cDovL3d3dy53My5vcmcvMjAwMC9zdmciPjwvc3ZnPg==\" \/><\/figure><\/div>\n\n\n\n<p>As obras p\u00fablicas que est\u00e3o sendo erguidas em S\u00e3o Jos\u00e9 dos Cordeiros est\u00e3o com suas constru\u00e7\u00f5es a todo vapor. Al\u00e9m do a\u00e7ude do Cazuzinha, o munic\u00edpio est\u00e1 tocando a constru\u00e7\u00e3o de uma escola padr\u00e3o na zona urbana, constru\u00edda em parceria com o Governo do Estado.<\/p>\n\n\n\n<p>A obra teve in\u00edcio no m\u00eas de fevereiro e est\u00e1 com quase 20% de execu\u00e7\u00e3o. A escola ter\u00e1 4 salas de aula, entre outras salas de gest\u00e3o e laborat\u00f3rio e representar\u00e1 um investimento de R$ 706.385,54.<\/p>\n\n\n\n<div class=\"wp-block-image\"><figure class=\"aligncenter\"><img decoding=\"async\" data-src=\"http:\/\/deolhonocariri.com.br\/wp-content\/uploads\/2020\/04\/94392722_685513405544101_7439533580360876032_n.jpg\" alt=\"\" class=\"wp-image-81241 lazyload\" src=\"data:image\/svg+xml;base64,PHN2ZyB3aWR0aD0iMSIgaGVpZ2h0PSIxIiB4bWxucz0iaHR0cDovL3d3dy53My5vcmcvMjAwMC9zdmciPjwvc3ZnPg==\" \/><\/figure><\/div>\n\n\n\n<p><br>Segundo o prefeito Jefferson Roberto, a escola ser\u00e1 um importante equipamento para a rede municipal de ensino e a expectativa \u00e9 entregar \u00e0 comunidade escolar ainda este ano. \u201cEstamos acompanhando passo a passo as obras realizadas e acreditamos que as empresas v\u00e3o cumprir os prazos originais do contrato, beneficiando logo nossa cidade com novos e importantes equipamentos\u201d, pontuou.<\/p>\n","protected":false},"excerpt":{"rendered":"<p>As obras p\u00fablicas que est\u00e3o sendo erguidas em S\u00e3o Jos\u00e9 dos Cordeiros est\u00e3o com suas constru\u00e7\u00f5es a todo vapor. Al\u00e9m do a\u00e7ude do Cazuzinha, o&hellip; <\/p>\n","protected":false},"author":2,"featured_media":165895,"comment_status":"closed","ping_status":"closed","sticky":false,"template":"","format":"standard","meta":{"sfsi_plus_gutenberg_text_before_share":"","sfsi_plus_gutenberg_show_text_before_share":"","sfsi_plus_gutenberg_icon_type":"","sfsi_plus_gutenberg_icon_alignemt":"","sfsi_plus_gutenburg_max_per_row":"","footnotes":""},"categories":[2],"tags":[],"class_list":["post-165894","post","type-post","status-publish","format-standard","has-post-thumbnail","hentry","category-geral"],"_links":{"self":[{"href":"https:\/\/www.caririemacao.com\/1\/wp-json\/wp\/v2\/posts\/165894","targetHints":{"allow":["GET"]}}],"collection":[{"href":"https:\/\/www.caririemacao.com\/1\/wp-json\/wp\/v2\/posts"}],"about":[{"href":"https:\/\/www.caririemacao.com\/1\/wp-json\/wp\/v2\/types\/post"}],"author":[{"embeddable":true,"href":"https:\/\/www.caririemacao.com\/1\/wp-json\/wp\/v2\/users\/2"}],"replies":[{"embeddable":true,"href":"https:\/\/www.caririemacao.com\/1\/wp-json\/wp\/v2\/comments?post=165894"}],"version-history":[{"count":1,"href":"https:\/\/www.caririemacao.com\/1\/wp-json\/wp\/v2\/posts\/165894\/revisions"}],"predecessor-version":[{"id":165896,"href":"https:\/\/www.caririemacao.com\/1\/wp-json\/wp\/v2\/posts\/165894\/revisions\/165896"}],"wp:featuredmedia":[{"embeddable":true,"href":"https:\/\/www.caririemacao.com\/1\/wp-json\/wp\/v2\/media\/165895"}],"wp:attachment":[{"href":"https:\/\/www.caririemacao.com\/1\/wp-json\/wp\/v2\/media?parent=165894"}],"wp:term":[{"taxonomy":"category","embeddable":true,"href":"https:\/\/www.caririemacao.com\/1\/wp-json\/wp\/v2\/categories?post=165894"},{"taxonomy":"post_tag","embeddable":true,"href":"https:\/\/www.caririemacao.com\/1\/wp-json\/wp\/v2\/tags?post=165894"}],"curies":[{"name":"wp","href":"https:\/\/api.w.org\/{rel}","templated":true}]}}