{"id":165911,"date":"2020-04-24T08:47:30","date_gmt":"2020-04-24T11:47:30","guid":{"rendered":"http:\/\/www.caririemacao.com\/1\/?p=165911"},"modified":"2020-04-24T08:47:32","modified_gmt":"2020-04-24T11:47:32","slug":"ciro-gomes-protocola-pedido-de-impeachment-de-bolsonaro","status":"publish","type":"post","link":"https:\/\/www.caririemacao.com\/1\/2020\/04\/24\/ciro-gomes-protocola-pedido-de-impeachment-de-bolsonaro\/","title":{"rendered":"Ciro Gomes protocola pedido de impeachment de Bolsonaro"},"content":{"rendered":"\n<div class=\"wp-block-image\"><figure class=\"aligncenter\"><img decoding=\"async\" data-src=\"http:\/\/deolhonocariri.com.br\/wp-content\/uploads\/2020\/04\/2018-08-21T160719Z_1_LYNXNPEE7K12T_RTROPTP_4_POLITICA-CIRO-EMPREGOS-800x515-1.jpg\" alt=\"\" class=\"wp-image-81207 lazyload\" src=\"data:image\/svg+xml;base64,PHN2ZyB3aWR0aD0iMSIgaGVpZ2h0PSIxIiB4bWxucz0iaHR0cDovL3d3dy53My5vcmcvMjAwMC9zdmciPjwvc3ZnPg==\" \/><\/figure><\/div>\n\n\n\n<p>Um pedido de impeachment do presidente da Rep\u00fablica, Jair Bolsonaro, foi protocolado na C\u00e2mara dos Deputados pelo candidato \u00e0 Presid\u00eancia em 2018, Ciro Gomes, e seu partido, o PDT.<\/p>\n\n\n\n<p>\u201cChega de notinha de rep\u00fadio! Temos que confrontar, qualquer que seja a dificuldade politica ou amea\u00e7as, a conduta criminosa de Bolsonaro!\u201d, afirmou Ciro no Twitter.<\/p>\n\n\n\n<p>O presidente do PDT, Carlos Lupi, explicou que o pedido traz diferentes argumentos que exp\u00f5em as amea\u00e7as \u00e0 democracia feitas pelo atual presidente. Ele ressalta que caber\u00e1 \u00e0 C\u00e2mara dos Deputados analisar e votar ou n\u00e3o o pedido. Segundo ele, o papel do PDT \u00e9 defender a democracia e a sa\u00fade do povo brasileiro.<\/p>\n\n\n\n<p>\u201cDiante da irresponsabilidade do presidente em meio \u00e0 pandemia, estimulando indiretamente a contamina\u00e7\u00e3o de milhares de pessoas, e dos seus ataques constantes ao Congresso, Judici\u00e1rio e \u00e0 imprensa livre, o PDT entrar\u00e1 ainda hoje com um pedido de impeachment na C\u00e2mara\u201d, disse Carlos Lupi, em uma rede social.<\/p>\n\n\n\n<p><em>Mais PB<\/em><\/p>\n","protected":false},"excerpt":{"rendered":"<p>Um pedido de impeachment do presidente da Rep\u00fablica, Jair Bolsonaro, foi protocolado na C\u00e2mara dos Deputados pelo candidato \u00e0 Presid\u00eancia em 2018, Ciro Gomes, e&hellip; <\/p>\n","protected":false},"author":2,"featured_media":165912,"comment_status":"closed","ping_status":"closed","sticky":false,"template":"","format":"standard","meta":{"sfsi_plus_gutenberg_text_before_share":"","sfsi_plus_gutenberg_show_text_before_share":"","sfsi_plus_gutenberg_icon_type":"","sfsi_plus_gutenberg_icon_alignemt":"","sfsi_plus_gutenburg_max_per_row":"","footnotes":""},"categories":[2],"tags":[],"class_list":["post-165911","post","type-post","status-publish","format-standard","has-post-thumbnail","hentry","category-geral"],"_links":{"self":[{"href":"https:\/\/www.caririemacao.com\/1\/wp-json\/wp\/v2\/posts\/165911","targetHints":{"allow":["GET"]}}],"collection":[{"href":"https:\/\/www.caririemacao.com\/1\/wp-json\/wp\/v2\/posts"}],"about":[{"href":"https:\/\/www.caririemacao.com\/1\/wp-json\/wp\/v2\/types\/post"}],"author":[{"embeddable":true,"href":"https:\/\/www.caririemacao.com\/1\/wp-json\/wp\/v2\/users\/2"}],"replies":[{"embeddable":true,"href":"https:\/\/www.caririemacao.com\/1\/wp-json\/wp\/v2\/comments?post=165911"}],"version-history":[{"count":1,"href":"https:\/\/www.caririemacao.com\/1\/wp-json\/wp\/v2\/posts\/165911\/revisions"}],"predecessor-version":[{"id":165913,"href":"https:\/\/www.caririemacao.com\/1\/wp-json\/wp\/v2\/posts\/165911\/revisions\/165913"}],"wp:featuredmedia":[{"embeddable":true,"href":"https:\/\/www.caririemacao.com\/1\/wp-json\/wp\/v2\/media\/165912"}],"wp:attachment":[{"href":"https:\/\/www.caririemacao.com\/1\/wp-json\/wp\/v2\/media?parent=165911"}],"wp:term":[{"taxonomy":"category","embeddable":true,"href":"https:\/\/www.caririemacao.com\/1\/wp-json\/wp\/v2\/categories?post=165911"},{"taxonomy":"post_tag","embeddable":true,"href":"https:\/\/www.caririemacao.com\/1\/wp-json\/wp\/v2\/tags?post=165911"}],"curies":[{"name":"wp","href":"https:\/\/api.w.org\/{rel}","templated":true}]}}