{"id":165917,"date":"2020-04-24T08:51:47","date_gmt":"2020-04-24T11:51:47","guid":{"rendered":"http:\/\/www.caririemacao.com\/1\/?p=165917"},"modified":"2020-04-24T08:51:50","modified_gmt":"2020-04-24T11:51:50","slug":"homem-e-preso-em-flagrante-ao-se-passar-por-secretario-de-prefeitura-para-pegar-medicamentos-no-hospital-da-policia-militar","status":"publish","type":"post","link":"https:\/\/www.caririemacao.com\/1\/2020\/04\/24\/homem-e-preso-em-flagrante-ao-se-passar-por-secretario-de-prefeitura-para-pegar-medicamentos-no-hospital-da-policia-militar\/","title":{"rendered":"Homem \u00e9 preso em flagrante ao se passar por secret\u00e1rio de prefeitura para pegar medicamentos no hospital da Pol\u00edcia Militar"},"content":{"rendered":"\n<h1 class=\"wp-block-heading\"><\/h1>\n\n\n\n<p>Um homem de 32 anos foi preso em flagrante, nessa quarta-feira (22), ao se passar por secret\u00e1rio de Sa\u00fade de Cuit\u00e9 de Mamanguape para pegar medicamentos no Hospital General Edson Ramalho, em Jo\u00e3o Pessoa. Ele ainda chegou a retirar 15 ampolas de uma subst\u00e2ncia usada para o tratamento de dores, assinando um documento de solicita\u00e7\u00e3o com carimbo de secret\u00e1rio e alegando que o medicamento seria usado no hospital da cidade.<\/p>\n\n\n\n<p>A usurpa\u00e7\u00e3o da fun\u00e7\u00e3o p\u00fablica que o suspeito estaria praticando foi descoberta depois que funcion\u00e1rios do Hospital da Pol\u00edcia Militar ligaram para a Secretaria de Sa\u00fade de Cuit\u00e9 de Mamanguape e conseguiram contato com a verdadeira respons\u00e1vel pela pasta, que informou que ele n\u00e3o era secret\u00e1rio de Sa\u00fade e que at\u00e9 chegou a exercer o cargo, mas foi exonerado desde agosto do ano passado. Uma viatura da PM foi chamada e ele foi preso em flagrante.<\/p>\n\n\n\n<p>O mesmo suspeito j\u00e1 tinha ido ao hospital da PM no fim do m\u00eas mar\u00e7o, chegando inclusive a apresentar um documento que tinha a assinatura falsa de uma promotora de Justi\u00e7a, com o objetivo de retirar quase 200 medicamentos de outro tipo, que tamb\u00e9m s\u00e3o usados em tratamentos para dor. Ele teria agido em outro hospital de Jo\u00e3o Pessoa.<\/p>\n\n\n\n<p>O homem foi apresentado na Central de Flagrantes, no Geisel, que vai investigar o caso.<\/p>\n\n\n\n<p>ClickPB<\/p>\n","protected":false},"excerpt":{"rendered":"<p>Um homem de 32 anos foi preso em flagrante, nessa quarta-feira (22), ao se passar por secret\u00e1rio de Sa\u00fade de Cuit\u00e9 de Mamanguape para pegar&hellip; <\/p>\n","protected":false},"author":2,"featured_media":157068,"comment_status":"closed","ping_status":"closed","sticky":false,"template":"","format":"standard","meta":{"sfsi_plus_gutenberg_text_before_share":"","sfsi_plus_gutenberg_show_text_before_share":"","sfsi_plus_gutenberg_icon_type":"","sfsi_plus_gutenberg_icon_alignemt":"","sfsi_plus_gutenburg_max_per_row":"","footnotes":""},"categories":[12],"tags":[],"class_list":["post-165917","post","type-post","status-publish","format-standard","has-post-thumbnail","hentry","category-policia"],"_links":{"self":[{"href":"https:\/\/www.caririemacao.com\/1\/wp-json\/wp\/v2\/posts\/165917","targetHints":{"allow":["GET"]}}],"collection":[{"href":"https:\/\/www.caririemacao.com\/1\/wp-json\/wp\/v2\/posts"}],"about":[{"href":"https:\/\/www.caririemacao.com\/1\/wp-json\/wp\/v2\/types\/post"}],"author":[{"embeddable":true,"href":"https:\/\/www.caririemacao.com\/1\/wp-json\/wp\/v2\/users\/2"}],"replies":[{"embeddable":true,"href":"https:\/\/www.caririemacao.com\/1\/wp-json\/wp\/v2\/comments?post=165917"}],"version-history":[{"count":1,"href":"https:\/\/www.caririemacao.com\/1\/wp-json\/wp\/v2\/posts\/165917\/revisions"}],"predecessor-version":[{"id":165919,"href":"https:\/\/www.caririemacao.com\/1\/wp-json\/wp\/v2\/posts\/165917\/revisions\/165919"}],"wp:featuredmedia":[{"embeddable":true,"href":"https:\/\/www.caririemacao.com\/1\/wp-json\/wp\/v2\/media\/157068"}],"wp:attachment":[{"href":"https:\/\/www.caririemacao.com\/1\/wp-json\/wp\/v2\/media?parent=165917"}],"wp:term":[{"taxonomy":"category","embeddable":true,"href":"https:\/\/www.caririemacao.com\/1\/wp-json\/wp\/v2\/categories?post=165917"},{"taxonomy":"post_tag","embeddable":true,"href":"https:\/\/www.caririemacao.com\/1\/wp-json\/wp\/v2\/tags?post=165917"}],"curies":[{"name":"wp","href":"https:\/\/api.w.org\/{rel}","templated":true}]}}