{"id":165922,"date":"2020-04-24T08:55:32","date_gmt":"2020-04-24T11:55:32","guid":{"rendered":"http:\/\/www.caririemacao.com\/1\/?p=165922"},"modified":"2020-04-24T08:55:36","modified_gmt":"2020-04-24T11:55:36","slug":"comite-de-crise-do-ifpb-aprova-campanha-de-solidariedade-e-novos-projetos","status":"publish","type":"post","link":"https:\/\/www.caririemacao.com\/1\/2020\/04\/24\/comite-de-crise-do-ifpb-aprova-campanha-de-solidariedade-e-novos-projetos\/","title":{"rendered":"Comit\u00ea de crise do IFPB aprova campanha de solidariedade e novos projetos"},"content":{"rendered":"\n<div class=\"wp-block-image\"><figure class=\"aligncenter\"><a href=\"http:\/\/noticiasemdestaque.com\/cd\/wp-content\/uploads\/2020\/04\/ccc1f498-9dd7-4e57-81b3-e9eb4291911d.jpeg\"><img decoding=\"async\" data-src=\"http:\/\/noticiasemdestaque.com\/cd\/wp-content\/uploads\/2020\/04\/ccc1f498-9dd7-4e57-81b3-e9eb4291911d.jpeg\" alt=\"\" class=\"wp-image-24468 lazyload\" src=\"data:image\/svg+xml;base64,PHN2ZyB3aWR0aD0iMSIgaGVpZ2h0PSIxIiB4bWxucz0iaHR0cDovL3d3dy53My5vcmcvMjAwMC9zdmciPjwvc3ZnPg==\" \/><\/a><\/figure><\/div>\n\n\n\n<p>Ser\u00e1 lan\u00e7ada a campanha \u201cIFPB Solid\u00e1rio\u201d e quatro projetos inovadores ser\u00e3o enviados ao CONIF<\/p>\n\n\n\n<p>Em reuni\u00e3o realizada atrav\u00e9s de v\u00eddeoconfer\u00eancia na manh\u00e3 desta quarta-feira (22), o Comit\u00ea do IFPB respons\u00e1vel pelo enfrentamento da dissemina\u00e7\u00e3o e combate \u00e0 Covid-19 aprovou a campanha \u201cIFPB Solid\u00e1rio\u201d, que vai arrecadar recursos para enfrentar a pandemia, e tamb\u00e9m examinou e aprovou o encaminhamento de quatro projetos ao Conselho Nacional das Institui\u00e7\u00f5es da Rede Federal de Educa\u00e7\u00e3o Profissional, Cient\u00edfica e Tecnol\u00f3gica (CONIF) com o objetivo de viabilizar a sua execu\u00e7\u00e3o com recursos financeiros. 1-mary.jpg<\/p>\n\n\n\n<p>Presidida pelo reitor Nic\u00e1cio Lopes, a reuni\u00e3o foi aberta com os informes sobre as a\u00e7\u00f5es que est\u00e3o sendo realizadas em toda a Institui\u00e7\u00e3o. Na \u00e1rea de ensino, a Pr\u00f3-Reitora Mary Roberta Meira Marinho relatou as delibera\u00e7\u00f5es dos grupos de trabalho que est\u00e3o avaliando as a\u00e7\u00f5es para enfrentar este momento de crise, destacando a necessidade de dar in\u00edcio nos pr\u00f3ximos dias \u00e0 capacita\u00e7\u00e3o de professores para o ensino a dist\u00e2ncia (EaD).<\/p>\n\n\n\n<p>O Pr\u00f3-Reitor de Assuntos Estudantis, Manoel Pereira de Macedo Neto, apresentou ao Comit\u00ea a Campanha \u201cIFPB Solid\u00e1rio\u201d que vai arrecadar recursos para minimizar o sofrimento dos mais humildes durante a crise econ\u00f4mica provocada pela pandemia. \u201cA ideia \u00e9 lan\u00e7ar a campanha na pr\u00f3xima segunda-feira (27) com a divulga\u00e7\u00e3o atrav\u00e9s do Portal de Not\u00edcias e redes sociais, como tamb\u00e9m para o e-mail dos servidores e para a imprensa\u201d, informou o Pr\u00f3-Reitor.<\/p>\n\n\n\n<p>De acordo com as Pr\u00f3-Reitoras Silvana Luciene Costa e Maria Cleiden\u00e9dia Oliveira, das dezenas de projetos recebidos de todos os campi do IFPB, quatro foram escolhidos para serem encaminhados \u00e0 sele\u00e7\u00e3o de projetos do Edital do CONIF. O resultado desta chamada ser\u00e1 divulgado e encaminhado ao CONIF at\u00e9 a pr\u00f3xima ter\u00e7a-feira (28).<\/p>\n\n\n\n<p>Finalizando a reuni\u00e3o, o reitor Nic\u00e1cio Lopes elogiou o trabalho de todos que est\u00e3o colaborando neste esfor\u00e7o para combate \u00e0 pandemia. \u201cTenho certeza de que a solidariedade e o esfor\u00e7o de todos neste momento v\u00e3o nos ajudar a superar este dif\u00edcil per\u00edodo de nossa hist\u00f3ria e nos tornar mais unidos e fortes no futuro\u201d, finalizou o Reitor.<\/p>\n","protected":false},"excerpt":{"rendered":"<p>Ser\u00e1 lan\u00e7ada a campanha \u201cIFPB Solid\u00e1rio\u201d e quatro projetos inovadores ser\u00e3o enviados ao CONIF Em reuni\u00e3o realizada atrav\u00e9s de v\u00eddeoconfer\u00eancia na manh\u00e3 desta quarta-feira (22),&hellip; <\/p>\n","protected":false},"author":2,"featured_media":165923,"comment_status":"closed","ping_status":"closed","sticky":false,"template":"","format":"standard","meta":{"sfsi_plus_gutenberg_text_before_share":"","sfsi_plus_gutenberg_show_text_before_share":"","sfsi_plus_gutenberg_icon_type":"","sfsi_plus_gutenberg_icon_alignemt":"","sfsi_plus_gutenburg_max_per_row":"","footnotes":""},"categories":[2],"tags":[],"class_list":["post-165922","post","type-post","status-publish","format-standard","has-post-thumbnail","hentry","category-geral"],"_links":{"self":[{"href":"https:\/\/www.caririemacao.com\/1\/wp-json\/wp\/v2\/posts\/165922","targetHints":{"allow":["GET"]}}],"collection":[{"href":"https:\/\/www.caririemacao.com\/1\/wp-json\/wp\/v2\/posts"}],"about":[{"href":"https:\/\/www.caririemacao.com\/1\/wp-json\/wp\/v2\/types\/post"}],"author":[{"embeddable":true,"href":"https:\/\/www.caririemacao.com\/1\/wp-json\/wp\/v2\/users\/2"}],"replies":[{"embeddable":true,"href":"https:\/\/www.caririemacao.com\/1\/wp-json\/wp\/v2\/comments?post=165922"}],"version-history":[{"count":1,"href":"https:\/\/www.caririemacao.com\/1\/wp-json\/wp\/v2\/posts\/165922\/revisions"}],"predecessor-version":[{"id":165924,"href":"https:\/\/www.caririemacao.com\/1\/wp-json\/wp\/v2\/posts\/165922\/revisions\/165924"}],"wp:featuredmedia":[{"embeddable":true,"href":"https:\/\/www.caririemacao.com\/1\/wp-json\/wp\/v2\/media\/165923"}],"wp:attachment":[{"href":"https:\/\/www.caririemacao.com\/1\/wp-json\/wp\/v2\/media?parent=165922"}],"wp:term":[{"taxonomy":"category","embeddable":true,"href":"https:\/\/www.caririemacao.com\/1\/wp-json\/wp\/v2\/categories?post=165922"},{"taxonomy":"post_tag","embeddable":true,"href":"https:\/\/www.caririemacao.com\/1\/wp-json\/wp\/v2\/tags?post=165922"}],"curies":[{"name":"wp","href":"https:\/\/api.w.org\/{rel}","templated":true}]}}