{"id":165933,"date":"2020-04-24T10:53:59","date_gmt":"2020-04-24T13:53:59","guid":{"rendered":"http:\/\/www.caririemacao.com\/1\/?p=165933"},"modified":"2020-04-24T10:54:03","modified_gmt":"2020-04-24T13:54:03","slug":"testes-rapidos-para-coronavirus-comecam-a-ser-entregues-em-36-cidades-da-pb-serra-branca-sume-e-monteiro-estao-na-lista-na-5a-grs-regiao-do-cariri-veja-onde-serao-realizados-os-primeiros-testes","status":"publish","type":"post","link":"https:\/\/www.caririemacao.com\/1\/2020\/04\/24\/testes-rapidos-para-coronavirus-comecam-a-ser-entregues-em-36-cidades-da-pb-serra-branca-sume-e-monteiro-estao-na-lista-na-5a-grs-regiao-do-cariri-veja-onde-serao-realizados-os-primeiros-testes\/","title":{"rendered":"Testes r\u00e1pidos para coronav\u00edrus come\u00e7am a ser entregues em 36 cidades da PB; Serra Branca, Sum\u00e9 e Monteiro est\u00e3o na lista na 5\u00aa GRS regi\u00e3o do Cariri. Veja onde ser\u00e3o realizados os primeiros testes."},"content":{"rendered":"\n<figure class=\"wp-block-image\"><a href=\"https:\/\/1.bp.blogspot.com\/-rrgCShDwB3A\/XqLstGn6fPI\/AAAAAAAAP14\/gdCUtp7beiMrAUZBu9AY5BVLvRxwgdl8ACLcBGAsYHQ\/s1600\/teste-rapido-corona.jpg\"><img decoding=\"async\" data-src=\"https:\/\/1.bp.blogspot.com\/-rrgCShDwB3A\/XqLstGn6fPI\/AAAAAAAAP14\/gdCUtp7beiMrAUZBu9AY5BVLvRxwgdl8ACLcBGAsYHQ\/s320\/teste-rapido-corona.jpg\" alt=\"\" src=\"data:image\/svg+xml;base64,PHN2ZyB3aWR0aD0iMSIgaGVpZ2h0PSIxIiB4bWxucz0iaHR0cDovL3d3dy53My5vcmcvMjAwMC9zdmciPjwvc3ZnPg==\" class=\"lazyload\" \/><\/a><\/figure>\n\n\n\n<p>Os testes r\u00e1pidos come\u00e7am a ser distribu\u00eddos para 36 cidades da Para\u00edba a partir desta sexta-feira (24), na Para\u00edba. De acordo com a secretaria de Estado da Sa\u00fade (SES), os testes ser\u00e3o realizados em pessoas que apresentam s\u00edndrome gripal e ser\u00e3o ofertados nos servi\u00e7os de sa\u00fade do Estado.<br><\/p>\n\n\n\n<p>Os testes r\u00e1pidos ser\u00e3o distribu\u00eddos em servi\u00e7os estaduais e municipais para testagem do p\u00fablico-alvo mantendo o fluxo de registro das informa\u00e7\u00f5es via sistemas oficiais. Todo caso com teste reagente dever\u00e1 ser informado ao Estado de forma imediata. Neste primeiro bloco de testagem, a Vigil\u00e2ncia Epidemiol\u00f3gica vai trabalhar com as unidades sentinelas, a exemplo das UPA\u2019s, que \u00e9 onde costumam chegar mais casos de s\u00edndrome gripal.<\/p>\n\n\n\n<p><br>Neste primeiro lote de testes, os esfor\u00e7os ser\u00e3o concentrados na regi\u00e3o que tem mais de 80% dos casos da Covid-19 na Para\u00edba: Jo\u00e3o Pessoa, Santa Rita, Cabedelo, Bayeux, por exemplo. <\/p>\n\n\n\n<p>A inten\u00e7\u00e3o \u00e9 ampliar a testagem quando os pr\u00f3ximos lotes chegarem. Neste primeiro momento, a estrat\u00e9gia \u00e9 captar mais casos em todas as regi\u00f5es de sa\u00fade.<br><\/p>\n\n\n\n<h2 class=\"wp-block-heading\"><strong>Veja onde ser\u00e3o realizados os primeiros testes<\/strong><\/h2>\n\n\n\n<p><strong>2\u00aa Ger\u00eancia Regional de Sa\u00fade (GRS):<\/strong>\u00a0refer\u00eancia ser\u00e1 a UPA de Guarabira;\u00b7\u00a0\u00a0\u00a0\u00a0\u00a0\u00a0\u00a0\u00a0\u00a0<\/p>\n\n\n\n<p><strong>3\u00aa GRS:\u00a0<\/strong>testes r\u00e1pidos ser\u00e3o realizados no Hospital Municipal de Esperan\u00e7a, no Centro de Testagem de Esperan\u00e7a e no Hospital Municipal de Areia;\u00b7\u00a0\u00a0\u00a0\u00a0\u00a0\u00a0\u00a0\u00a0\u00a0<\/p>\n\n\n\n<p><strong>4\u00aa GRS:\u00a0<\/strong>oferta dos testes r\u00e1pidos ser\u00e1 no Centro de Testagem de Cuit\u00e9, Centro Testagem de Picu\u00ed e Hospital Regional de Picu\u00ed.\u00b7\u00a0\u00a0\u00a0\u00a0\u00a0\u00a0\u00a0\u00a0\u00a0<\/p>\n\n\n\n<p><strong>5\u00aa GRS:\u00a0<\/strong>hospital de Sum\u00e9, Hospital de Serra Branca, UPA de Monteiro;\u00b7\u00a0\u00a0\u00a0\u00a0\u00a0\u00a0\u00a0\u00a0\u00a0<\/p>\n\n\n\n<p><strong>6\u00aa GRS:\u00a0<\/strong>Hospital Regional de Patos ou UPA de Patos e Hospital Sinh\u00e1 Carneiro, em Santa Luzia;\u00b7\u00a0\u00a0\u00a0\u00a0\u00a0\u00a0\u00a0\u00a0\u00a0<\/p>\n\n\n\n<p><strong>7\u00aa GRS:\u00a0<\/strong>Pianc\u00f3, Concei\u00e7\u00e3o, Hospital Regional de Itaporanga;\u00b7\u00a0\u00a0\u00a0\u00a0\u00a0\u00a0\u00a0\u00a0\u00a0<\/p>\n\n\n\n<p><strong>8\u00aa GRS:\u00a0<\/strong>Hospital Regional de Catol\u00e9, Hospital Municipal de S\u00e3o Bento, Hospital Municipal de Brejo do Cruz;<\/p>\n\n\n\n<p><strong>9\u00aa GRS:\u00a0<\/strong>UPA de Cajazeiras, Posto de Testagem Uira\u00fana, Hospital Municipal de S\u00e3o Jos\u00e9 de Piranhas;\u00b7\u00a0\u00a0\u00a0\u00a0\u00a0\u00a0\u00a0\u00a0\u00a0<\/p>\n\n\n\n<p><strong>11\u00aa GRS:\u00a0<\/strong>Hospital de Princesa Isabel, Hospital Municipal de Princesa Isabel, Hospital Municipal de \u00c1gua Branca e Hospital Municipal de Juru;\u00b7\u00a0\u00a0\u00a0\u00a0\u00a0\u00a0\u00a0\u00a0\u00a0<\/p>\n\n\n\n<p><strong>12\u00aa GRS:\u00a0<\/strong>UPA de Ing\u00e1, Hospital Municipal de Pedras de Fogo, Posto de Testagem de Itabaiana\u00b7\u00a0\u00a0\u00a0\u00a0\u00a0\u00a0\u00a0\u00a0\u00a0<\/p>\n\n\n\n<p><strong>13\u00aa GRS:<\/strong>\u00a0Pombal Hospital Regional de Pombal, UPA de Pombal, Hospital Municipal de Paulista;\u00b7\u00a0\u00a0\u00a0\u00a0\u00a0\u00a0\u00a0\u00a0\u00a0<\/p>\n\n\n\n<p><strong>14\u00aa GRS:\u00a0<\/strong>Posto de Testagem de Mamanguape, Secretaria Municipal de Sa\u00fade e Hospital Regional;\u00b7\u00a0\u00a0\u00a0\u00a0\u00a0\u00a0\u00a0\u00a0\u00a0<\/p>\n\n\n\n<p><strong>15\u00aa GRS:<\/strong>\u00a0Hospital Regional de Queimadas, Hospital Municipal de Aroeiras, Hospital Municipal de Boqueir\u00e3o;\u00b7\u00a0\u00a0\u00a0\u00a0\u00a0\u00a0\u00a0\u00a0\u00a0<\/p>\n\n\n\n<p><strong>16\u00aa GRS:<\/strong>\u00a0Hospital Geral de Tapero\u00e1 e Hospital Municipal de Soledade.<\/p>\n\n\n\n<h2 class=\"wp-block-heading\">Quem pode fazer o teste?<\/h2>\n\n\n\n<p>Renata N\u00f3brega, secret\u00e1ria executiva da Sa\u00fade da Para\u00edba, explica que para fazer o teste r\u00e1pido \u00e9 preciso seguir alguns crit\u00e9rios. \u201cEles ser\u00e3o utilizados com a popula\u00e7\u00e3o que apresente um quadro de s\u00edndrome gripal, como febre, dor de garganta. A prioridade \u00e9 para as pessoas que estejam no terceiro dia dos sintomas. Por exemplo, uma pessoa que come\u00e7ou a ter febre hoje, n\u00e3o poder\u00e1 ser testada hoje\u201d, destaca.<\/p>\n\n\n\n<p><br>Com informa\u00e7\u00f5es do G1PB<\/p>\n","protected":false},"excerpt":{"rendered":"<p>Os testes r\u00e1pidos come\u00e7am a ser distribu\u00eddos para 36 cidades da Para\u00edba a partir desta sexta-feira (24), na Para\u00edba. De acordo com a secretaria de&hellip; <\/p>\n","protected":false},"author":2,"featured_media":163662,"comment_status":"closed","ping_status":"closed","sticky":false,"template":"","format":"standard","meta":{"sfsi_plus_gutenberg_text_before_share":"","sfsi_plus_gutenberg_show_text_before_share":"","sfsi_plus_gutenberg_icon_type":"","sfsi_plus_gutenberg_icon_alignemt":"","sfsi_plus_gutenburg_max_per_row":"","footnotes":""},"categories":[50,16],"tags":[],"class_list":["post-165933","post","type-post","status-publish","format-standard","has-post-thumbnail","hentry","category-destaque","category-saude"],"_links":{"self":[{"href":"https:\/\/www.caririemacao.com\/1\/wp-json\/wp\/v2\/posts\/165933","targetHints":{"allow":["GET"]}}],"collection":[{"href":"https:\/\/www.caririemacao.com\/1\/wp-json\/wp\/v2\/posts"}],"about":[{"href":"https:\/\/www.caririemacao.com\/1\/wp-json\/wp\/v2\/types\/post"}],"author":[{"embeddable":true,"href":"https:\/\/www.caririemacao.com\/1\/wp-json\/wp\/v2\/users\/2"}],"replies":[{"embeddable":true,"href":"https:\/\/www.caririemacao.com\/1\/wp-json\/wp\/v2\/comments?post=165933"}],"version-history":[{"count":1,"href":"https:\/\/www.caririemacao.com\/1\/wp-json\/wp\/v2\/posts\/165933\/revisions"}],"predecessor-version":[{"id":165934,"href":"https:\/\/www.caririemacao.com\/1\/wp-json\/wp\/v2\/posts\/165933\/revisions\/165934"}],"wp:featuredmedia":[{"embeddable":true,"href":"https:\/\/www.caririemacao.com\/1\/wp-json\/wp\/v2\/media\/163662"}],"wp:attachment":[{"href":"https:\/\/www.caririemacao.com\/1\/wp-json\/wp\/v2\/media?parent=165933"}],"wp:term":[{"taxonomy":"category","embeddable":true,"href":"https:\/\/www.caririemacao.com\/1\/wp-json\/wp\/v2\/categories?post=165933"},{"taxonomy":"post_tag","embeddable":true,"href":"https:\/\/www.caririemacao.com\/1\/wp-json\/wp\/v2\/tags?post=165933"}],"curies":[{"name":"wp","href":"https:\/\/api.w.org\/{rel}","templated":true}]}}