{"id":165947,"date":"2020-04-24T14:07:33","date_gmt":"2020-04-24T17:07:33","guid":{"rendered":"http:\/\/www.caririemacao.com\/1\/?p=165947"},"modified":"2020-04-24T14:07:33","modified_gmt":"2020-04-24T17:07:33","slug":"sergio-moro-fora-do-governo-bolsonaro-ganha-um-novo-adversario","status":"publish","type":"post","link":"https:\/\/www.caririemacao.com\/1\/2020\/04\/24\/sergio-moro-fora-do-governo-bolsonaro-ganha-um-novo-adversario\/","title":{"rendered":"Sergio Moro fora do governo. Bolsonaro ganha um novo advers\u00e1rio"},"content":{"rendered":"\n<figure class=\"wp-block-image\"><img decoding=\"async\" data-src=\"https:\/\/paraibaonline.com.br\/wp-content\/uploads\/2020\/04\/sergio-moro2404.jpg\" alt=\"Para\u00edba Online \u2022 Sergio Moro fora do governo. Bolsonaro ganha um novo advers\u00e1rio\" class=\"wp-image-852156 lazyload\" src=\"data:image\/svg+xml;base64,PHN2ZyB3aWR0aD0iMSIgaGVpZ2h0PSIxIiB4bWxucz0iaHR0cDovL3d3dy53My5vcmcvMjAwMC9zdmciPjwvc3ZnPg==\" \/><\/figure>\n\n\n\n<p>O ministro da Justi\u00e7a, Sergio Moro, entregou o cargo nesta sexta-feira (24) e deixou o governo ap\u00f3s a\u00a0exonera\u00e7\u00e3o do diretor-geral da Pol\u00edcia Federal, Maur\u00edcio Valeixo, ter sido publicada nesta madrugada no Di\u00e1rio Oficial da Uni\u00e3o. Ele anunciou a sa\u00edda do governo a assessores mais pr\u00f3ximos.<\/p>\n\n\n\n<p>Conforme a Folha revelou, Moro pediu demiss\u00e3o a Jair Bolsonaro na manh\u00e3 desta quinta (23) quando foi informado pelo presidente da decis\u00e3o de trocar Valeixo. O ministro avisou o presidente que n\u00e3o ficaria no governo com a sa\u00edda do diretor-geral, escolhido por Moro para comandar a PF.<\/p>\n\n\n\n<p>A exonera\u00e7\u00e3o foi publicada como \u201ca pedido\u201d de Valeixo no Di\u00e1rio Oficial, com as assinaturas eletr\u00f4nicas de Bolsonaro e Moro. Segundo a Folha apurou, por\u00e9m, o ministro n\u00e3o assinou a medida formalmente nem foi avisado oficialmente pelo Planalto de sua publica\u00e7\u00e3o.<\/p>\n\n\n\n<p>Seu nome foi inclu\u00eddo no ato de exonera\u00e7\u00e3o pelo fato de o diretor da PF ser subordinado a ele. \u00c9 uma formalidade do Planalto. Na avalia\u00e7\u00e3o de aliados de Moro, Bolsonaro atropelou de vez o ministro ao ter publicado a demiss\u00e3o de Valeixo durante as discuss\u00f5es que ainda ocorriam nos bastidores sobre a troca na PF e sua perman\u00eancia no cargo de ministro.<\/p>\n\n\n\n<p>Diante desse cen\u00e1rio, sua perman\u00eancia no governo ficou insustent\u00e1vel e Moro decidiu deixar o governo.<\/p>\n\n\n\n<p>Moro topou largar a carreira de juiz federal, que lhe deu fama de her\u00f3i pela condu\u00e7\u00e3o da Lava Jato, para virar ministro. Ele disse ter aceitado o convite de Bolsonaro, entre outras coisas, por estar \u201ccansado de tomar bola nas costas\u201d.<\/p>\n\n\n\n<p>Tomou posse com o discurso de que teria total autonomia e com status de superministro. Desde que assumiu, por\u00e9m, acumula recuos e derrotas.<\/p>\n\n\n\n<p>Moro se firmou como o ministro mais popular do governo Bolsonaro, com aprova\u00e7\u00e3o superior \u00e0 do pr\u00f3prio presidente, segundo o Datafolha. Pesquisa realizada no in\u00edcio de dezembro de 2019 mostrou que 53% da popula\u00e7\u00e3o avalia como \u00f3tima\/boa a gest\u00e3o do ex-juiz no Minist\u00e9rio da Justi\u00e7a. Outros 23% a consideram regular, e 21% ruim\/p\u00e9ssima.<\/p>\n\n\n\n<p>Bolsonaro tinha n\u00fameros mais modestos, com 30% de \u00f3timo\/bom, 32% de regular e 36% de ruim\/p\u00e9ssimo.<\/p>\n\n\n\n<p>O ministro, nos bastidores, tamb\u00e9m vinha se mostrando insatisfeito com a condu\u00e7\u00e3o do combate \u00e0 pandemia do coronav\u00edrus por parte de Bolsonaro. Moro, por exemplo, atuou a favor de Luiz Henrique Mandetta (ex-titular da Sa\u00fade) na crise com o presidente.<\/p>\n\n\n\n<p>Aliados de Moro avaliam que ele foi um dos alvos da recente declara\u00e7\u00e3o de Bolsonaro de que usaria a caneta contra \u201cestrelas\u201d do governo.<\/p>\n\n\n\n<p>\u201c[De] algumas pessoas do meu governo, algo subiu \u00e0 cabe\u00e7a deles. Est\u00e3o se achando demais. Eram pessoas normais, mas, de repente, viraram estrelas, falam pelos cotovelos, tem provoca\u00e7\u00f5es. A hora D n\u00e3o chegou ainda n\u00e3o. Vai chegar a hora deles, porque a minha caneta funciona\u201d, afirmou Bolsonaro, no in\u00edcio do m\u00eas, a um grupo de religiosos que se aglomerou diante do Pal\u00e1cio da Alvorada.<\/p>\n\n\n\n<p>Sob o comando de Moro, a Pol\u00edcia Federal viveu clima de instabilidade no ano passado, quando Bolsonaro anunciou uma troca no comando da superintend\u00eancia do \u00f3rg\u00e3o no Rio e amea\u00e7ou trocar o diretor-geral.<\/p>\n\n\n\n<p>No meio da pol\u00eamica, o presidente chegou a citar um delegado que assumiria a chefia do Rio, mas foi rebatido pela Pol\u00edcia Federal, que divulgou outro nome, o de Carlos Henrique de Oliveira, da confian\u00e7a da atual gest\u00e3o. Ap\u00f3s meses de turbul\u00eancia, o delegado assumiu o cargo de superintendente, em dezembro.<\/p>\n\n\n\n<p>No fim de janeiro, o presidente colocou de volta o assunto na mesa, quando incentivou um movimento que pedia a recria\u00e7\u00e3o do Minist\u00e9rio da Seguran\u00e7a P\u00fablica. Isso poderia impactar diretamente a pol\u00edcia, que poderia ser desligada da pasta da Justi\u00e7a e ficaria, portanto, sob responsabilidade de outro ministro.<\/p>\n\n\n\n<p>Bolsonaro depois voltou atr\u00e1s e disse que a chance de uma mudan\u00e7a nesse sentido era zero, ao menos neste momento.<\/p>\n\n\n\n<p>Com a demiss\u00e3o, Moro v\u00ea mais distante a possibilidade de ser indicado pelo presidente para uma vaga no STF (Supremo Tribunal Federal). Sobre isso, Moro j\u00e1 respondeu que essa \u00e9 uma \u201cperspectiva interessante\u201d e que seria como ganhar na loteria.<\/p>\n\n\n\n<p>Pelo crit\u00e9rio de aposentadoria compuls\u00f3ria aos 75 anos dos ministros do Supremo, as pr\u00f3ximas vagas ser\u00e3o as de Celso de Mello, em novembro, e Marco Aur\u00e9lio Mello, em julho de 2021. A indica\u00e7\u00e3o de ministros do Supremo \u00e9 uma atribui\u00e7\u00e3o do presidente que depois precisa ser aprovada pelo Senado.<\/p>\n\n\n\n<p>Esse caminho de Moro ao Supremo j\u00e1 estava enfraquecido especialmente depois da divulga\u00e7\u00e3o de mensagens privadas que trocou com procuradores da Lava Jato.<\/p>\n\n\n\n<p>As mensagens obtidas pelo Intercept e divulgadas at\u00e9 este momento pelo site e por outros \u00f3rg\u00e3os de imprensa, como a Folha de S.Paulo, expuseram a proximidade entre<\/p>\n\n\n\n<p>Moro e os procuradores da Lava Jato e colocaram em d\u00favida a imparcialidade como juiz do atual ministro da Justi\u00e7a no julgamento dos processos da opera\u00e7\u00e3o.<\/p>\n\n\n\n<p>Quando as primeiras mensagens vieram \u00e0 tona, em 9 de junho do ano passado, o Intercept informou que obteve o material de uma fonte an\u00f4nima, que pediu sigilo. O pacote inclui mensagens privadas e de grupos da for\u00e7a-tarefa da Opera\u00e7\u00e3o Lava Jato em Curitiba, no aplicativo Telegram, a partir de 2015.<\/p>\n\n\n\n<p>Em resumo, no contato com os procuradores, Moro indicou testemunha que poderia colaborar para a apura\u00e7\u00e3o sobre o ex-presidente Lula, orientou a inclus\u00e3o de prova contra um r\u00e9u em den\u00fancia que j\u00e1 havia sido oferecida pelo Minist\u00e9rio P\u00fablico Federal, sugeriu alterar a ordem de fases da opera\u00e7\u00e3o Lava Jato e antecipou ao menos uma decis\u00e3o judicial.<\/p>\n\n\n\n<p>Caso haja entendimento de que Moro estava comprometido com a Procuradoria (ou seja, era suspeito), as senten\u00e7as proferidas por ele poder\u00e3o ser anuladas. Isso inclui o processo contra Lula no caso do tr\u00edplex de Guaruj\u00e1, que levou o petistas \u00e0 pris\u00e3o em 2018, est\u00e1 sendo avaliado pelo STF e pode ser julgado ainda neste ano.<\/p>\n\n\n\n<p>Segundo o C\u00f3digo de Processo Penal, \u201co juiz dar-se-\u00e1 por suspeito, e, se n\u00e3o o fizer, poder\u00e1 ser recusado por qualquer das partes\u201d se \u201ctiver aconselhado qualquer das partes\u201d. Afirma ainda que senten\u00e7as proferidas por ju\u00edzes suspeitos podem ser anuladas.<\/p>\n\n\n\n<p>J\u00e1 o C\u00f3digo de \u00c9tica da Magistratura afirma que \u201co magistrado imparcial\u201d \u00e9 aquele que mant\u00e9m \u201cao longo de todo o processo uma dist\u00e2ncia equivalente das partes e evita todo o tipo de comportamento que possa refletir favoritismo, predisposi\u00e7\u00e3o ou preconceito\u201d.<\/p>\n\n\n\n<p>Moro tem repetido que n\u00e3o reconhece a autenticidade das mensagens, mas que, se verdadeiras, n\u00e3o cont\u00eam ilegalidades.<\/p>\n","protected":false},"excerpt":{"rendered":"<p>O ministro da Justi\u00e7a, Sergio Moro, entregou o cargo nesta sexta-feira (24) e deixou o governo ap\u00f3s a\u00a0exonera\u00e7\u00e3o do diretor-geral da Pol\u00edcia Federal, Maur\u00edcio Valeixo,&hellip; <\/p>\n","protected":false},"author":2,"featured_media":129667,"comment_status":"closed","ping_status":"closed","sticky":false,"template":"","format":"standard","meta":{"sfsi_plus_gutenberg_text_before_share":"","sfsi_plus_gutenberg_show_text_before_share":"","sfsi_plus_gutenberg_icon_type":"","sfsi_plus_gutenberg_icon_alignemt":"","sfsi_plus_gutenburg_max_per_row":"","footnotes":""},"categories":[11],"tags":[],"class_list":["post-165947","post","type-post","status-publish","format-standard","has-post-thumbnail","hentry","category-politica"],"_links":{"self":[{"href":"https:\/\/www.caririemacao.com\/1\/wp-json\/wp\/v2\/posts\/165947","targetHints":{"allow":["GET"]}}],"collection":[{"href":"https:\/\/www.caririemacao.com\/1\/wp-json\/wp\/v2\/posts"}],"about":[{"href":"https:\/\/www.caririemacao.com\/1\/wp-json\/wp\/v2\/types\/post"}],"author":[{"embeddable":true,"href":"https:\/\/www.caririemacao.com\/1\/wp-json\/wp\/v2\/users\/2"}],"replies":[{"embeddable":true,"href":"https:\/\/www.caririemacao.com\/1\/wp-json\/wp\/v2\/comments?post=165947"}],"version-history":[{"count":2,"href":"https:\/\/www.caririemacao.com\/1\/wp-json\/wp\/v2\/posts\/165947\/revisions"}],"predecessor-version":[{"id":165953,"href":"https:\/\/www.caririemacao.com\/1\/wp-json\/wp\/v2\/posts\/165947\/revisions\/165953"}],"wp:featuredmedia":[{"embeddable":true,"href":"https:\/\/www.caririemacao.com\/1\/wp-json\/wp\/v2\/media\/129667"}],"wp:attachment":[{"href":"https:\/\/www.caririemacao.com\/1\/wp-json\/wp\/v2\/media?parent=165947"}],"wp:term":[{"taxonomy":"category","embeddable":true,"href":"https:\/\/www.caririemacao.com\/1\/wp-json\/wp\/v2\/categories?post=165947"},{"taxonomy":"post_tag","embeddable":true,"href":"https:\/\/www.caririemacao.com\/1\/wp-json\/wp\/v2\/tags?post=165947"}],"curies":[{"name":"wp","href":"https:\/\/api.w.org\/{rel}","templated":true}]}}