{"id":165957,"date":"2020-04-27T07:59:17","date_gmt":"2020-04-27T10:59:17","guid":{"rendered":"https:\/\/www.caririemacao.com\/1\/?p=165957"},"modified":"2020-04-27T07:59:17","modified_gmt":"2020-04-27T10:59:17","slug":"paraiba-chega-a-50-mortes-por-covid-19-44-novos-casos-sao-confirmados-em-24h","status":"publish","type":"post","link":"https:\/\/www.caririemacao.com\/1\/2020\/04\/27\/paraiba-chega-a-50-mortes-por-covid-19-44-novos-casos-sao-confirmados-em-24h\/","title":{"rendered":"Para\u00edba chega a 50 mortes por Covid-19; 44 novos casos s\u00e3o confirmados em 24h"},"content":{"rendered":"\n<p>A Secretaria de Estado da Sa\u00fade divulgou boletim atualizado com novos casos da Covid-19 na Para\u00edba.<\/p>\n\n\n\n<p>Dos 543 casos confirmados at\u00e9 este domingo, 26, 119 j\u00e1 se recuperaram, 51 est\u00e3o hospitalizados, 10 deles em leitos de UTI e 50 mortes. Os demais se recuperam em isolamento domiciliar acompanhados pelas secretarias municipais de sa\u00fade.<\/p>\n\n\n\n<p>Os casos est\u00e3o distribu\u00eddos em 38 munic\u00edpios: Jo\u00e3o Pessoa (349); Campina Grande (39); Santa Rita (40); Cabedelo (19); Sap\u00e9 (13); Bayeux (15); Patos (11); Sousa (06); Cajazeiras (4); Conde (5); Junco do Serid\u00f3 (3); Guarabira (3); S\u00e3o Jo\u00e3o do Rio do Peixe (4); Pombal (2); Itapororoca (3); Itabaiana (2); Pedras de Fogo (2); Serra Branca (1); Riach\u00e3o do Po\u00e7o (1); S\u00e3o Bento (2); Congo (1); Queimadas (1); Bom Jesus (1); Cruz do Esp\u00edrito Santo (2); Igaracy (1); Alagoa Grande (1); Barra de S\u00e3o Miguel (1); Alagoa Nova (1); Coremas (1); Tapero\u00e1 (1); Brejo Do Cruz (1); Caapor\u00e3 (1); Coxixola (1); Boqueir\u00e3o (1); Areia (1); Mariz\u00f3polis (1), Gurinh\u00e9m (1) e Esperan\u00e7a (1).<\/p>\n\n\n\n<p>Um \u00f3bito foi confirmado nas \u00faltimas 24 horas. Trata-se de um homem, 37 anos, residente no munic\u00edpio de Santa Rita. Cardiopata, diab\u00e9tico, deu entrada no servi\u00e7o p\u00fablico com quadro grave, apresentando febre alta, dispn\u00e9ia, indo a \u00f3bito rapidamente no dia 24 de abril. O exame foi realizado p\u00f3s-\u00f3bito e confirmado para covid-19.<\/p>\n\n\n\n<p>No momento, 157 pessoas est\u00e3o internadas com notifica\u00e7\u00e3o de S\u00edndrome Respirat\u00f3ria Aguda Grave, sendo 123 em enfermaria (97 p\u00fablico\/ 26 privado) e 34 na UTI (26 p\u00fablico\/ 8 privado), ocupando 32% dos leitos de UTI do SUS dispon\u00edveis no Plano Estadual de Conting\u00eancia para COVID-19.<\/p>\n","protected":false},"excerpt":{"rendered":"<p>A Secretaria de Estado da Sa\u00fade divulgou boletim atualizado com novos casos da Covid-19 na Para\u00edba. Dos 543 casos confirmados at\u00e9 este domingo, 26, 119&hellip; <\/p>\n","protected":false},"author":2,"featured_media":165958,"comment_status":"closed","ping_status":"closed","sticky":false,"template":"","format":"standard","meta":{"sfsi_plus_gutenberg_text_before_share":"","sfsi_plus_gutenberg_show_text_before_share":"","sfsi_plus_gutenberg_icon_type":"","sfsi_plus_gutenberg_icon_alignemt":"","sfsi_plus_gutenburg_max_per_row":"","footnotes":""},"categories":[50,16],"tags":[],"class_list":["post-165957","post","type-post","status-publish","format-standard","has-post-thumbnail","hentry","category-destaque","category-saude"],"_links":{"self":[{"href":"https:\/\/www.caririemacao.com\/1\/wp-json\/wp\/v2\/posts\/165957","targetHints":{"allow":["GET"]}}],"collection":[{"href":"https:\/\/www.caririemacao.com\/1\/wp-json\/wp\/v2\/posts"}],"about":[{"href":"https:\/\/www.caririemacao.com\/1\/wp-json\/wp\/v2\/types\/post"}],"author":[{"embeddable":true,"href":"https:\/\/www.caririemacao.com\/1\/wp-json\/wp\/v2\/users\/2"}],"replies":[{"embeddable":true,"href":"https:\/\/www.caririemacao.com\/1\/wp-json\/wp\/v2\/comments?post=165957"}],"version-history":[{"count":1,"href":"https:\/\/www.caririemacao.com\/1\/wp-json\/wp\/v2\/posts\/165957\/revisions"}],"predecessor-version":[{"id":165959,"href":"https:\/\/www.caririemacao.com\/1\/wp-json\/wp\/v2\/posts\/165957\/revisions\/165959"}],"wp:featuredmedia":[{"embeddable":true,"href":"https:\/\/www.caririemacao.com\/1\/wp-json\/wp\/v2\/media\/165958"}],"wp:attachment":[{"href":"https:\/\/www.caririemacao.com\/1\/wp-json\/wp\/v2\/media?parent=165957"}],"wp:term":[{"taxonomy":"category","embeddable":true,"href":"https:\/\/www.caririemacao.com\/1\/wp-json\/wp\/v2\/categories?post=165957"},{"taxonomy":"post_tag","embeddable":true,"href":"https:\/\/www.caririemacao.com\/1\/wp-json\/wp\/v2\/tags?post=165957"}],"curies":[{"name":"wp","href":"https:\/\/api.w.org\/{rel}","templated":true}]}}