{"id":165968,"date":"2020-04-27T08:13:42","date_gmt":"2020-04-27T11:13:42","guid":{"rendered":"https:\/\/www.caririemacao.com\/1\/?p=165968"},"modified":"2020-04-27T08:13:42","modified_gmt":"2020-04-27T11:13:42","slug":"casos-de-coronavirus-e-numero-de-mortes-no-brasil-em-27-de-abril","status":"publish","type":"post","link":"https:\/\/www.caririemacao.com\/1\/2020\/04\/27\/casos-de-coronavirus-e-numero-de-mortes-no-brasil-em-27-de-abril\/","title":{"rendered":"Casos de coronav\u00edrus e n\u00famero de mortes no Brasil em 27 de abril"},"content":{"rendered":"\n<p>Veja os dados sobre o\u00a0<a href=\"https:\/\/g1.globo.com\/bemestar\/coronavirus\/\">coronav\u00edrus\u00a0<\/a>no Brasil nesta segunda-feira (27), segundo levantamento exclusivo do\u00a0<strong>G1\u00a0<\/strong>junto \u00e0s secretarias estaduais de sa\u00fade. Foram registradas\u00a0<strong>4.286 mortes<\/strong>\u00a0provocadas pela\u00a0<strong>Covid-19<\/strong>\u00a0e\u00a0<strong>63.100 casos confirmados<\/strong>\u00a0da doen\u00e7a em todo o pa\u00eds<\/p>\n\n\n\n<h2 class=\"wp-block-heading\">Taxa de ocupa\u00e7\u00e3o de leitos de UTI<\/h2>\n\n\n\n<ul class=\"wp-block-list\"><li><strong>Acre<\/strong>&nbsp;\u2013 80% em Rio Branco em 21\/04<\/li><li><strong>Alagoas<\/strong>&nbsp;\u2013 29% em todo o estado em 25\/04<\/li><li><strong>Amazonas<\/strong>&nbsp;\u2013 96% em todo o estado em 23\/04<\/li><li><strong>Bahia<\/strong>&nbsp;\u2013 54% em todo o estado em 21\/04<\/li><li><strong>Cear\u00e1<\/strong>&nbsp;\u2013&nbsp;<a href=\"https:\/\/g1.globo.com\/jornal-nacional\/noticia\/2020\/04\/20\/no-ceara-100percent-das-vagas-de-uti-estao-ocupadas-e-numero-de-leitos-esta-perto-do-limite.ghtml\">100%<\/a>&nbsp;em todo o estado em 20\/04<\/li><li><strong>Esp\u00edrito Santo<\/strong>&nbsp;&#8211; 69,2% em todo o estado em 24\/04<\/li><li><strong>Maranh\u00e3o<\/strong>&nbsp;\u2013 51,9% em todo o estado em 22\/04<\/li><li><strong>Mato Grosso<\/strong>&nbsp;\u2013 4,8% dos leitos de UTI da rede p\u00fablica em todo o estado em 23\/04<\/li><li><strong>Mato Grosso do Sul<\/strong>&nbsp;\u2013 64% em todo o estado em 17\/04<\/li><li><strong>Minas Gerais<\/strong>&nbsp;\u2013&nbsp;<a href=\"https:\/\/g1.globo.com\/mg\/minas-gerais\/noticia\/2020\/04\/23\/belo-horizonte-agora-tem-74percent-do-total-de-leitos-de-uti-do-sus-ocupados-diz-secretario-municipal-de-saude.ghtml\">54<\/a><a href=\"https:\/\/g1.globo.com\/mg\/minas-gerais\/noticia\/2020\/04\/25\/taxa-de-ocupacao-de-leitos-de-uti-em-belo-horizonte-e-de-78percent.ghtml\">%&nbsp;<\/a>em todo o estado em 24\/04<\/li><li><strong>Par\u00e1&nbsp;<\/strong>\u2013 84% em todo o estado em 15\/04<\/li><li><strong>Para\u00edba&nbsp;<\/strong>\u2013 28% em todo o estado em 25\/04<\/li><li><strong>Paran\u00e1&nbsp;<\/strong>\u2013 30% em todo o estado em 23\/04<\/li><li><strong>Piau\u00ed&nbsp;<\/strong>&#8211; 23,8% em todo o estado em 25\/04<\/li><li><strong>Pernambuco&nbsp;<\/strong>\u2013 95% em todo estado em 19\/04; al\u00e9m disso,&nbsp;<a href=\"https:\/\/g1.globo.com\/pe\/pernambuco\/noticia\/2020\/04\/20\/pernambuco-tem-99percent-dos-leitos-de-uti-dedicados-a-covid-19-ocupados-diz-secretario-de-saude.ghtml\">99% dos leitos de UTI da rede p\u00fablica dedicados aos pacientes infectados<\/a>&nbsp;pelo novo coronav\u00edrus tamb\u00e9m est\u00e3o ocupados<\/li><li><strong>Rio de Janeiro<\/strong>&nbsp;\u2013&nbsp;<a href=\"https:\/\/g1.globo.com\/rj\/rio-de-janeiro\/noticia\/2020\/04\/19\/hospitais-estaduais-do-rj-tem-mais-de-40percent-dos-leitos-de-uti-ocupados-de-pacientes-com-o-novo-coronavirus.ghtml\">74% em todo o estado<\/a>&nbsp;em 19\/04<\/li><li><strong>Rio Grande do Norte<\/strong>&nbsp;\u2013 33% em todo o estado em 22\/04<\/li><li><strong>Rio Grande do Sul<\/strong>&nbsp;\u2013 54,57% em todo o estado em 22\/04<\/li><li><strong>Santa Catarina<\/strong>&nbsp;\u2013 16,08% dos leitos na rede p\u00fablica em todo o estado em 25\/04<\/li><li><strong>S\u00e3o Paulo<\/strong>&nbsp;\u2013 58,9% em todo o estado em 25\/04<\/li><li><strong>Sergipe<\/strong>&nbsp;\u2013 6 leitos ocupados em 23\/04<\/li><\/ul>\n\n\n\n<p>Distrito Federal, Goi\u00e1s, Rond\u00f4nia, Roraima e Tocantins n\u00e3o divulgaram a taxa de ocupa\u00e7\u00e3o.<\/p>\n\n\n\n<h2 class=\"wp-block-heading\">Testes feitos pelos estados<\/h2>\n\n\n\n<p>N\u00famero de testes de coronav\u00edrus feitos pelos estados<\/p>\n\n\n\n<figure class=\"wp-block-table\"><table><tbody><tr><td>Estado<\/td><td>N\u00ba de testes<\/td><td>Data de divulga\u00e7\u00e3o<\/td><\/tr><tr><td>Acre<\/td><td>1.879<\/td><td>23\/04<\/td><\/tr><tr><td>Alagoas<\/td><td>1.862<\/td><td>22\/04<\/td><\/tr><tr><td>Amazonas<\/td><td>6.000<\/td><td>24\/04<\/td><\/tr><tr><td>Bahia<\/td><td>14.354<\/td><td>24\/04<\/td><\/tr><tr><td>Cear\u00e1<\/td><td>19.753<\/td><td>24\/04<\/td><\/tr><tr><td>Distrito Federal<\/td><td>24.825<\/td><td>25\/04<\/td><\/tr><tr><td>Esp\u00edrito Santo<\/td><td>9.193<\/td><td>24\/04<\/td><\/tr><tr><td>Goi\u00e1s<\/td><td>9.680<\/td><td>23\/04<\/td><\/tr><tr><td>Maranh\u00e3o<\/td><td>6.289<\/td><td>25\/04<\/td><\/tr><tr><td>Mato Grosso<\/td><td>1.855<\/td><td>24\/04<\/td><\/tr><tr><td>Mato Grosso do Sul<\/td><td>1.872<\/td><td>23\/04<\/td><\/tr><tr><td>Paran\u00e1<\/td><td>13.694<\/td><td>24\/04<\/td><\/tr><tr><td>Pernambuco<\/td><td>8.036<\/td><td>23\/04<\/td><\/tr><tr><td>Piau\u00ed<\/td><td>1.792<\/td><td>22\/04<\/td><\/tr><tr><td>Rio Grande do Norte<\/td><td>6.806<\/td><td>22\/04<\/td><\/tr><tr><td>Rond\u00f4nia<\/td><td>1.558<\/td><td>22\/04<\/td><\/tr><tr><td>Roraima<\/td><td>718<\/td><td>23\/04<\/td><\/tr><tr><td>Santa Catarina<\/td><td>7.452<\/td><td>22\/04<\/td><\/tr><tr><td>S\u00e3o Paulo<\/td><td>35.600<\/td><td>22\/04<\/td><\/tr><tr><td>Sergipe<\/td><td>1.629<\/td><td>23\/04<\/td><\/tr><tr><td>Total<\/td><td>154.920<\/td><td><\/td><\/tr><\/tbody><\/table><\/figure>\n\n\n\n<p>Fonte: secretarias estaduais de Sa\u00fade<\/p>\n\n\n\n<p>Amap\u00e1, Minas Gerais, Par\u00e1, Para\u00edba, Rio de Janeiro, Rio Grande do Sul e Tocantins n\u00e3o divulgaram o n\u00famero de testes.<\/p>\n\n\n\n<h2 class=\"wp-block-heading\">Pacientes recuperados<\/h2>\n\n\n\n<p>Pacientes recuperados de Covid-19 nos estados<\/p>\n\n\n\n<figure class=\"wp-block-table\"><table><tbody><tr><td>Estados<\/td><td>N\u00ba de pacientes recuperados<\/td><td>Data de divulga\u00e7\u00e3o<\/td><\/tr><tr><td>Acre<\/td><td>88<\/td><td>24\/04<\/td><\/tr><tr><td>Alagoas<\/td><td>87<\/td><td>26\/04<\/td><\/tr><tr><td>Amap\u00e1<\/td><td>285<\/td><td>26\/04<\/td><\/tr><tr><td>Amazonas<\/td><td>1.089<\/td><td>26\/04<\/td><\/tr><tr><td>Bahia<\/td><td>471<\/td><td>26\/04<\/td><\/tr><tr><td>Distrito Federal<\/td><td>680<\/td><td>26\/04<\/td><\/tr><tr><td>Esp\u00edrito Santo<\/td><td>468<\/td><td>26\/04<\/td><\/tr><tr><td>Maranh\u00e3o<\/td><td>307<\/td><td>26\/04<\/td><\/tr><tr><td>Mato Grosso<\/td><td>127<\/td><td>26\/04<\/td><\/tr><tr><td>Mato Grosso do Sul<\/td><td>114<\/td><td>26\/04<\/td><\/tr><tr><td>Par\u00e1<\/td><td>736<\/td><td>25\/04<\/td><\/tr><tr><td>Para\u00edba<\/td><td>117<\/td><td>24\/04<\/td><\/tr><tr><td>Paran\u00e1<\/td><td>620<\/td><td>24\/04<\/td><\/tr><tr><td>Pernambuco<\/td><td>220<\/td><td>26\/04<\/td><\/tr><tr><td>Piau\u00ed<\/td><td>110<\/td><td>26\/04<\/td><\/tr><tr><td>Rio de Janeiro<\/td><td>3.114<\/td><td>26\/04<\/td><\/tr><tr><td>Rio Grande do Norte<\/td><td>289<\/td><td>22\/04<\/td><\/tr><tr><td>Rio Grande do Sul<\/td><td>678<\/td><td>24\/04<\/td><\/tr><tr><td>Rond\u00f4nia<\/td><td>67<\/td><td>26\/04<\/td><\/tr><tr><td>Roraima<\/td><td>39<\/td><td>22\/04<\/td><\/tr><tr><td>Sergipe<\/td><td>40<\/td><td>26\/04<\/td><\/tr><tr><td>Tocantins<\/td><td>15<\/td><td>22\/04<\/td><\/tr><tr><td>Total<\/td><td>8.510<\/td><td><\/td><\/tr><\/tbody><\/table><\/figure>\n\n\n\n<p>Fonte: secretarias estaduais de Sa\u00fade<\/p>\n\n\n\n<p>Cear\u00e1, Goi\u00e1s, Minas Gerais, Santa Catarina e S\u00e3o Paulo n\u00e3o divulgaram o n\u00famero de pacientes recuperados<\/p>\n","protected":false},"excerpt":{"rendered":"<p>Veja os dados sobre o\u00a0coronav\u00edrus\u00a0no Brasil nesta segunda-feira (27), segundo levantamento exclusivo do\u00a0G1\u00a0junto \u00e0s secretarias estaduais de sa\u00fade. Foram registradas\u00a04.286 mortes\u00a0provocadas pela\u00a0Covid-19\u00a0e\u00a063.100 casos confirmados\u00a0da doen\u00e7a&hellip; <\/p>\n","protected":false},"author":1,"featured_media":165400,"comment_status":"closed","ping_status":"closed","sticky":false,"template":"","format":"standard","meta":{"sfsi_plus_gutenberg_text_before_share":"","sfsi_plus_gutenberg_show_text_before_share":"","sfsi_plus_gutenberg_icon_type":"","sfsi_plus_gutenberg_icon_alignemt":"","sfsi_plus_gutenburg_max_per_row":"","footnotes":""},"categories":[50],"tags":[],"class_list":["post-165968","post","type-post","status-publish","format-standard","has-post-thumbnail","hentry","category-destaque"],"_links":{"self":[{"href":"https:\/\/www.caririemacao.com\/1\/wp-json\/wp\/v2\/posts\/165968","targetHints":{"allow":["GET"]}}],"collection":[{"href":"https:\/\/www.caririemacao.com\/1\/wp-json\/wp\/v2\/posts"}],"about":[{"href":"https:\/\/www.caririemacao.com\/1\/wp-json\/wp\/v2\/types\/post"}],"author":[{"embeddable":true,"href":"https:\/\/www.caririemacao.com\/1\/wp-json\/wp\/v2\/users\/1"}],"replies":[{"embeddable":true,"href":"https:\/\/www.caririemacao.com\/1\/wp-json\/wp\/v2\/comments?post=165968"}],"version-history":[{"count":1,"href":"https:\/\/www.caririemacao.com\/1\/wp-json\/wp\/v2\/posts\/165968\/revisions"}],"predecessor-version":[{"id":165975,"href":"https:\/\/www.caririemacao.com\/1\/wp-json\/wp\/v2\/posts\/165968\/revisions\/165975"}],"wp:featuredmedia":[{"embeddable":true,"href":"https:\/\/www.caririemacao.com\/1\/wp-json\/wp\/v2\/media\/165400"}],"wp:attachment":[{"href":"https:\/\/www.caririemacao.com\/1\/wp-json\/wp\/v2\/media?parent=165968"}],"wp:term":[{"taxonomy":"category","embeddable":true,"href":"https:\/\/www.caririemacao.com\/1\/wp-json\/wp\/v2\/categories?post=165968"},{"taxonomy":"post_tag","embeddable":true,"href":"https:\/\/www.caririemacao.com\/1\/wp-json\/wp\/v2\/tags?post=165968"}],"curies":[{"name":"wp","href":"https:\/\/api.w.org\/{rel}","templated":true}]}}