{"id":165969,"date":"2020-04-27T08:11:53","date_gmt":"2020-04-27T11:11:53","guid":{"rendered":"https:\/\/www.caririemacao.com\/1\/?p=165969"},"modified":"2020-04-27T08:11:53","modified_gmt":"2020-04-27T11:11:53","slug":"coronavirus-brasil-passa-de-60-mil-casos-confirmados","status":"publish","type":"post","link":"https:\/\/www.caririemacao.com\/1\/2020\/04\/27\/coronavirus-brasil-passa-de-60-mil-casos-confirmados\/","title":{"rendered":"Coronav\u00edrus: Brasil passa de 60 mil casos confirmados"},"content":{"rendered":"\n<p>O Brasil registrou 189 novas mortes em decorr\u00eancia da Covid-19 nas \u00faltimas 24 horas, um aumento de 4,7%, segundo dados divulgados pelo Minist\u00e9rio da Sa\u00fade neste domingo (26). No total, s\u00e3o 4.205\u00a0mortes pelo novo coronav\u00edrus no pa\u00eds.<\/p>\n\n\n\n<p>O n\u00famero voltou a ficar abaixo de 200 novas mortes depois de dias seguidos de altas. O recorde desde o in\u00edcio da pandemia foi batido na quinta (23), com 407 \u00f3bitos. Os balan\u00e7os de sexta e s\u00e1bado apontaram mais de 300 mortes cada.<\/p>\n\n\n\n<p>Neste domingo, o Brasil passou da marca de 60 mil casos confirmados \u2013s\u00e3o 61.888 ao todo. No dia anterior eram 58.509, um aumento de 5,8%.<\/p>\n\n\n\n<p>O boletim mais recente do Minist\u00e9rio da Sa\u00fade confirma a tend\u00eancia dos cinco estados mais afetados pelo novo coronav\u00edrus: S\u00e3o Paulo, Rio de Janeiro, Cear\u00e1, Pernambuco e Amazonas.<\/p>\n\n\n\n<p>Em rela\u00e7\u00e3o ao n\u00famero de mortes, S\u00e3o Paulo chegou \u00e0 marca de 1.700 \u00f3bitos desde o in\u00edcio da pandemia. O Rio de Janeiro tem 645 casos. Na sequ\u00eancia aparecem Pernambuco, com 415, Cear\u00e1, com 327, e Amazonas, com 304.<\/p>\n\n\n\n<p>S\u00e3o Paulo tamb\u00e9m lidera em n\u00famero de casos confirmados, com 20.715. O Rio de Janeiro \u00e9 o segundo com mais registros, com 7.111. O Cear\u00e1 \u00e9 o terceiro, com 5.833; seguido de Pernambuco, com 4.898; e Amazonas, com 3.833.<\/p>\n\n\n\n<p>Desde a segunda-feira (20), o Minist\u00e9rio da Sa\u00fade n\u00e3o divulga o boletim mais detalhado, com informa\u00e7\u00f5es como a incid\u00eancia de casos por 1.000 habitantes, a faixa et\u00e1ria das v\u00edtimas e doen\u00e7as associadas.<\/p>\n","protected":false},"excerpt":{"rendered":"<p>O Brasil registrou 189 novas mortes em decorr\u00eancia da Covid-19 nas \u00faltimas 24 horas, um aumento de 4,7%, segundo dados divulgados pelo Minist\u00e9rio da Sa\u00fade&hellip; <\/p>\n","protected":false},"author":2,"featured_media":165534,"comment_status":"closed","ping_status":"closed","sticky":false,"template":"","format":"standard","meta":{"sfsi_plus_gutenberg_text_before_share":"","sfsi_plus_gutenberg_show_text_before_share":"","sfsi_plus_gutenberg_icon_type":"","sfsi_plus_gutenberg_icon_alignemt":"","sfsi_plus_gutenburg_max_per_row":"","footnotes":""},"categories":[50,16],"tags":[],"class_list":["post-165969","post","type-post","status-publish","format-standard","has-post-thumbnail","hentry","category-destaque","category-saude"],"_links":{"self":[{"href":"https:\/\/www.caririemacao.com\/1\/wp-json\/wp\/v2\/posts\/165969","targetHints":{"allow":["GET"]}}],"collection":[{"href":"https:\/\/www.caririemacao.com\/1\/wp-json\/wp\/v2\/posts"}],"about":[{"href":"https:\/\/www.caririemacao.com\/1\/wp-json\/wp\/v2\/types\/post"}],"author":[{"embeddable":true,"href":"https:\/\/www.caririemacao.com\/1\/wp-json\/wp\/v2\/users\/2"}],"replies":[{"embeddable":true,"href":"https:\/\/www.caririemacao.com\/1\/wp-json\/wp\/v2\/comments?post=165969"}],"version-history":[{"count":1,"href":"https:\/\/www.caririemacao.com\/1\/wp-json\/wp\/v2\/posts\/165969\/revisions"}],"predecessor-version":[{"id":165970,"href":"https:\/\/www.caririemacao.com\/1\/wp-json\/wp\/v2\/posts\/165969\/revisions\/165970"}],"wp:featuredmedia":[{"embeddable":true,"href":"https:\/\/www.caririemacao.com\/1\/wp-json\/wp\/v2\/media\/165534"}],"wp:attachment":[{"href":"https:\/\/www.caririemacao.com\/1\/wp-json\/wp\/v2\/media?parent=165969"}],"wp:term":[{"taxonomy":"category","embeddable":true,"href":"https:\/\/www.caririemacao.com\/1\/wp-json\/wp\/v2\/categories?post=165969"},{"taxonomy":"post_tag","embeddable":true,"href":"https:\/\/www.caririemacao.com\/1\/wp-json\/wp\/v2\/tags?post=165969"}],"curies":[{"name":"wp","href":"https:\/\/api.w.org\/{rel}","templated":true}]}}