{"id":165976,"date":"2020-04-27T08:16:04","date_gmt":"2020-04-27T11:16:04","guid":{"rendered":"https:\/\/www.caririemacao.com\/1\/?p=165976"},"modified":"2020-04-27T08:16:04","modified_gmt":"2020-04-27T11:16:04","slug":"pais-so-processa-metade-dos-testes-de-coronavirus-coletados","status":"publish","type":"post","link":"https:\/\/www.caririemacao.com\/1\/2020\/04\/27\/pais-so-processa-metade-dos-testes-de-coronavirus-coletados\/","title":{"rendered":"Pa\u00eds s\u00f3 processa metade dos testes de coronav\u00edrus coletados"},"content":{"rendered":"\n<p><br>O Minist\u00e9rio da Sa\u00fade processou 132.467 testes RT-PCR (moleculares) para detectar o novo coronav\u00edrus, o equivalente a 0,06% da popula\u00e7\u00e3o. O n\u00famero \u00e9 uma parcela das 259.218 amostras respirat\u00f3rias j\u00e1 enviadas aos Lacen (Laborat\u00f3rios Centrais de Sa\u00fade P\u00fablica) at\u00e9 20 de abril.<\/p>\n\n\n\n<p>Dentre os 126 mil restantes, 56.613 est\u00e3o em an\u00e1lise, 30.474 em triagem (em tr\u00e2nsito para o laborat\u00f3rio), e 39.664 s\u00e3o consideradas n\u00e3o realizadas por n\u00e3o conformidade (amostra insuficiente ou danificada). Segundo o governo, 451.432 testes RT-PCR tinham sido distribu\u00eddos aos estados at\u00e9 16 de abril.<\/p>\n\n\n\n<p>Foram 630 testes moleculares feitos para cada milh\u00e3o de habitantes. Como compara\u00e7\u00e3o, at\u00e9 a mesma data e usando o mesmo par\u00e2metro ajustado para a popula\u00e7\u00e3o de cada pa\u00eds, o Chile realizou 6.430 testes e a Bol\u00edvia, 370.<\/p>\n\n\n\n<p>Entre os estados brasileiros, S\u00e3o Paulo fez 595 exames por milh\u00e3o de habitantes; o Rio de Janeiro, 524; o Amazonas, 1.282; e o Cear\u00e1, 954.<\/p>\n\n\n\n<p>Os dados foram informados pelo Minist\u00e9rio da Sa\u00fade com base no GAL (Gerenciador de Ambiente Laboratorial), sistema que gerencia as requisi\u00e7\u00f5es de exames e recebe os resultados dos laborat\u00f3rios.<\/p>\n\n\n\n<p>Em n\u00fameros totais, o Distrito Federal foi o que menos realizou exames RT-PCR. Foram 132, segundo o GAL. Por outro lado, a diretoria do Lacen-DF afirma que foram feitos 5.300 exames moleculares e que n\u00e3o usa o GAL para registros de exames de Covid-19.<\/p>\n\n\n\n<p>Marcelo Gomes, pesquisador do Programa de Computa\u00e7\u00e3o Cient\u00edfica da Fiocruz (Funda\u00e7\u00e3o Oswaldo Cruz), diz que o sistema \u00e9 bom e confi\u00e1vel, mas com a ressalva de que ele n\u00e3o \u00e9 integrado ao Sistema de Informa\u00e7\u00e3o da Vigil\u00e2ncia Epidemiol\u00f3gica da Gripe (Sivep-Gripe), onde s\u00e3o registrados os atendimentos para casos de S\u00edndrome Respirat\u00f3ria (SR) e S\u00edndrome Respirat\u00f3ria Aguda Grave (SRAG).<\/p>\n\n\n\n<p>\u201cTem que uma pessoa da secretaria municipal ou estadual entrar no GAL, pegar o resultado do exame e registr\u00e1-lo manualmente no Sivep. Isso tudo demanda tempo, gente e tecnologia, e contribui para a demora no registro\u201d, diz.<\/p>\n\n\n\n<p>A coleta de amostra respirat\u00f3ria \u00e9 o primeiro passo para verificar se uma pessoa foi contaminada pelo Sars-CoV-2. O m\u00e9todo recomendado pelo Minist\u00e9rio da Sa\u00fade \u00e9 o nasofar\u00edngeo, em que um swab (tipo de cotonete) \u00e9 inserido via nariz ou boca at\u00e9 o fundo da garganta, onde a faringe se encontra com a cavidade nasal.<\/p>\n\n\n\n<p>A amostra \u00e9 enviada ao Lacen mais pr\u00f3ximo, e o profissional da sa\u00fade preenche a ficha de pedido no GAL com informa\u00e7\u00f5es como o tipo de coleta e o exame requisitado. O laborat\u00f3rio do estado recebe o pedido, faz a an\u00e1lise e coloca o resultado no sistema.<\/p>\n\n\n\n<p>At\u00e9 12 de mar\u00e7o, por\u00e9m, apenas os laborat\u00f3rios do Instituto Adolfo Lutz, em S\u00e3o Paulo, da Fiocruz, no Rio de Janeiro, e do Instituto Evandro Chagas, em Bel\u00e9m, estavam autorizados a receber as amostras e process\u00e1-las no exame RT-PCR. Cada estado devia encaminhar ao laborat\u00f3rio de refer\u00eancia a amostra do caso suspeito de coronav\u00edrus.<\/p>\n\n\n\n<p>Depois, os laborat\u00f3rios centrais de cada unidade da federa\u00e7\u00e3o foram autorizados a fazer o exame. Entre eles est\u00e1 a Funda\u00e7\u00e3o Ezequiel Dias (Funed), o Lacen de Minas Gerais.<\/p>\n\n\n\n<p>Para Rodrigo Souza Leite, vice-presidente da Funed, n\u00e3o ter que encaminhar a amostra ao laborat\u00f3rio de refer\u00eancia \u00e9 um dos motivos para a redu\u00e7\u00e3o da fila de exames. Elas foram zeradas nos estados do Rio de Janeiro e de S\u00e3o Paulo, anunciaram os respectivos governos na quarta (22).<\/p>\n\n\n\n<p>Outro \u00e9 a mudan\u00e7a no procedimento de casos suspeitos. \u201cAt\u00e9 ent\u00e3o eram realizados exames para pelo menos outras nove s\u00edndromes respirat\u00f3rias, e, caso desse negativo, elas iam para a Fiocruz\u201d, diz.<\/p>\n\n\n\n<p>A rede privada n\u00e3o tem um n\u00famero consolidado de exames RT-PCR feitos. A Dasa diz que realizou 40 mil, mesma quantidade que o Grupo Fleury afirma ter realizado.<\/p>\n\n\n\n<p>Carlos Eduardo Ferreira, presidente da Sociedade Brasileira de Patologia Cl\u00ednica\/Medicina Laboratorial, estima que, no total, foram feitos 600 mil exames moleculares nos laborat\u00f3rios particulares.<\/p>\n\n\n\n<p>\u201cN\u00e3o deve passar disso\u201d, diz. Ele ressalta que o n\u00famero de testes n\u00e3o \u00e9 o mesmo de pessoas testadas. \u201cEu mesmo peguei Covid-19 e fiz o exame tr\u00eas vezes.\u201d<\/p>\n\n\n\n<p>Os exames RT-PCR s\u00e3o mais complicados pois necessitam que o material gen\u00e9tico da amostra seja extra\u00eddo, o que pode ser feito manualmente ou de forma automatizada.<\/p>\n\n\n\n<p>\u201cTemos sete, oito laborat\u00f3rios que conseguem fazer uma demanda grande de amostras, e de grande entende-se como 3.000 testes por m\u00eas, Se o laborat\u00f3rio faz esses exames em um dia, ele \u00e9 grande\u201d, diz.<\/p>\n\n\n\n<p>Na rede p\u00fablica, os problemas de equipamento defasado e pouca m\u00e3o de obra n\u00e3o s\u00e3o de hoje. Gomes fala que em momentos de surtos, quando a demanda de amostras \u00e9 muito grande, eles n\u00e3o t\u00eam capacidade de processamento di\u00e1rio para dar conta do volume. \u201cChegam mais amostras por dia do que eles conseguem processar.\u201d<\/p>\n\n\n\n<p>Em 24 de mar\u00e7o, o Brasil anunciou compra de 22,9 milh\u00f5es de testes para o novo coronav\u00edrus. Na ter\u00e7a (20), o Minist\u00e9rio da Sa\u00fade aumentou a previs\u00e3o para 46 milh\u00f5es, dos quais 24,2 milh\u00f5es de testes s\u00e3o RT-PCR e 22 milh\u00f5es, testes r\u00e1pidos \u2013menos confi\u00e1veis, com chance de acerto de 25% em resultados negativos.<\/p>\n","protected":false},"excerpt":{"rendered":"<p>O Minist\u00e9rio da Sa\u00fade processou 132.467 testes RT-PCR (moleculares) para detectar o novo coronav\u00edrus, o equivalente a 0,06% da popula\u00e7\u00e3o. O n\u00famero \u00e9 uma parcela&hellip; <\/p>\n","protected":false},"author":2,"featured_media":163761,"comment_status":"closed","ping_status":"closed","sticky":false,"template":"","format":"standard","meta":{"sfsi_plus_gutenberg_text_before_share":"","sfsi_plus_gutenberg_show_text_before_share":"","sfsi_plus_gutenberg_icon_type":"","sfsi_plus_gutenberg_icon_alignemt":"","sfsi_plus_gutenburg_max_per_row":"","footnotes":""},"categories":[50,2],"tags":[],"class_list":["post-165976","post","type-post","status-publish","format-standard","has-post-thumbnail","hentry","category-destaque","category-geral"],"_links":{"self":[{"href":"https:\/\/www.caririemacao.com\/1\/wp-json\/wp\/v2\/posts\/165976","targetHints":{"allow":["GET"]}}],"collection":[{"href":"https:\/\/www.caririemacao.com\/1\/wp-json\/wp\/v2\/posts"}],"about":[{"href":"https:\/\/www.caririemacao.com\/1\/wp-json\/wp\/v2\/types\/post"}],"author":[{"embeddable":true,"href":"https:\/\/www.caririemacao.com\/1\/wp-json\/wp\/v2\/users\/2"}],"replies":[{"embeddable":true,"href":"https:\/\/www.caririemacao.com\/1\/wp-json\/wp\/v2\/comments?post=165976"}],"version-history":[{"count":1,"href":"https:\/\/www.caririemacao.com\/1\/wp-json\/wp\/v2\/posts\/165976\/revisions"}],"predecessor-version":[{"id":165978,"href":"https:\/\/www.caririemacao.com\/1\/wp-json\/wp\/v2\/posts\/165976\/revisions\/165978"}],"wp:featuredmedia":[{"embeddable":true,"href":"https:\/\/www.caririemacao.com\/1\/wp-json\/wp\/v2\/media\/163761"}],"wp:attachment":[{"href":"https:\/\/www.caririemacao.com\/1\/wp-json\/wp\/v2\/media?parent=165976"}],"wp:term":[{"taxonomy":"category","embeddable":true,"href":"https:\/\/www.caririemacao.com\/1\/wp-json\/wp\/v2\/categories?post=165976"},{"taxonomy":"post_tag","embeddable":true,"href":"https:\/\/www.caririemacao.com\/1\/wp-json\/wp\/v2\/tags?post=165976"}],"curies":[{"name":"wp","href":"https:\/\/api.w.org\/{rel}","templated":true}]}}