{"id":165977,"date":"2020-04-27T08:17:45","date_gmt":"2020-04-27T11:17:45","guid":{"rendered":"https:\/\/www.caririemacao.com\/1\/?p=165977"},"modified":"2020-04-27T08:17:45","modified_gmt":"2020-04-27T11:17:45","slug":"prefeitura-de-monteiro-concede-incentivo-temporario-de-20-a-servidores-que-estao-na-linha-de-frente-no-combate-a-covid-19","status":"publish","type":"post","link":"https:\/\/www.caririemacao.com\/1\/2020\/04\/27\/prefeitura-de-monteiro-concede-incentivo-temporario-de-20-a-servidores-que-estao-na-linha-de-frente-no-combate-a-covid-19\/","title":{"rendered":"Prefeitura de Monteiro concede incentivo tempor\u00e1rio de 20% a servidores que est\u00e3o na linha de frente, no combate a Covid-19"},"content":{"rendered":"\n<p>A Prefeita de Monteiro, Anna Lorena, autorizou na manh\u00e3 da \u00faltima sexta-feira (24), a concess\u00e3o de um incentivo tempor\u00e1rio aos servidores lotados na Secretaria de Sa\u00fade, que exercem atividades presenciais de apoio, enfrentamento, preven\u00e7\u00e3o e combate ao coronav\u00edrus (COVID-19), em virtude da declarada situa\u00e7\u00e3o de emerg\u00eancia em sa\u00fade p\u00fablica do munic\u00edpio de Monteiro devido ao enfrentamento \u00e0 pandemia.<\/p>\n\n\n\n<p>O incentivo de 20% (vinte por cento) sobre o sal\u00e1rio base ser\u00e1 concedido j\u00e1 na folha de pagamento deste m\u00eas de abril, at\u00e9 o limite de dura\u00e7\u00e3o da situa\u00e7\u00e3o de emerg\u00eancia em sa\u00fade p\u00fablica.<\/p>\n\n\n\n<p>A concess\u00e3o do incentivo tempor\u00e1rio ter\u00e1 car\u00e1ter indenizat\u00f3rio e n\u00e3o ser\u00e1 incorporada ao vencimento, remunera\u00e7\u00e3o, provento ou pens\u00e3o. O pagamento do incentivo ser\u00e1 calculado proporcionalmente aos dias efetivamente trabalhados, n\u00e3o sendo computadas, para fins de pagamento da referida gratifica\u00e7\u00e3o, as faltas do servidor, ainda que justificadas.<\/p>\n\n\n\n<p>Para a prefeita Anna Lorena e a equipe do Comit\u00ea de Crise, esta \u00e9 uma retribui\u00e7\u00e3o \u00e0 coragem e garra demonstrado pelos servidores. \u201cSabemos que todas estas pessoas correm grandes riscos e mesmo assim dedicam-se dia a dia para que o restante da popula\u00e7\u00e3o seja resguardada. Este incentivo, portanto, torna-se um reconhecimento aos anjos que deixam suas fam\u00edlias em casa e saem para ajudar a cada um de n\u00f3s\u201d, disse a prefeita Anna Lorena.<\/p>\n","protected":false},"excerpt":{"rendered":"<p>A Prefeita de Monteiro, Anna Lorena, autorizou na manh\u00e3 da \u00faltima sexta-feira (24), a concess\u00e3o de um incentivo tempor\u00e1rio aos servidores lotados na Secretaria de&hellip; <\/p>\n","protected":false},"author":1,"featured_media":165980,"comment_status":"closed","ping_status":"closed","sticky":false,"template":"","format":"standard","meta":{"sfsi_plus_gutenberg_text_before_share":"","sfsi_plus_gutenberg_show_text_before_share":"","sfsi_plus_gutenberg_icon_type":"","sfsi_plus_gutenberg_icon_alignemt":"","sfsi_plus_gutenburg_max_per_row":"","footnotes":""},"categories":[6,50],"tags":[],"class_list":["post-165977","post","type-post","status-publish","format-standard","has-post-thumbnail","hentry","category-cidades","category-destaque"],"_links":{"self":[{"href":"https:\/\/www.caririemacao.com\/1\/wp-json\/wp\/v2\/posts\/165977","targetHints":{"allow":["GET"]}}],"collection":[{"href":"https:\/\/www.caririemacao.com\/1\/wp-json\/wp\/v2\/posts"}],"about":[{"href":"https:\/\/www.caririemacao.com\/1\/wp-json\/wp\/v2\/types\/post"}],"author":[{"embeddable":true,"href":"https:\/\/www.caririemacao.com\/1\/wp-json\/wp\/v2\/users\/1"}],"replies":[{"embeddable":true,"href":"https:\/\/www.caririemacao.com\/1\/wp-json\/wp\/v2\/comments?post=165977"}],"version-history":[{"count":1,"href":"https:\/\/www.caririemacao.com\/1\/wp-json\/wp\/v2\/posts\/165977\/revisions"}],"predecessor-version":[{"id":165981,"href":"https:\/\/www.caririemacao.com\/1\/wp-json\/wp\/v2\/posts\/165977\/revisions\/165981"}],"wp:featuredmedia":[{"embeddable":true,"href":"https:\/\/www.caririemacao.com\/1\/wp-json\/wp\/v2\/media\/165980"}],"wp:attachment":[{"href":"https:\/\/www.caririemacao.com\/1\/wp-json\/wp\/v2\/media?parent=165977"}],"wp:term":[{"taxonomy":"category","embeddable":true,"href":"https:\/\/www.caririemacao.com\/1\/wp-json\/wp\/v2\/categories?post=165977"},{"taxonomy":"post_tag","embeddable":true,"href":"https:\/\/www.caririemacao.com\/1\/wp-json\/wp\/v2\/tags?post=165977"}],"curies":[{"name":"wp","href":"https:\/\/api.w.org\/{rel}","templated":true}]}}