{"id":165982,"date":"2020-04-27T08:20:29","date_gmt":"2020-04-27T11:20:29","guid":{"rendered":"https:\/\/www.caririemacao.com\/1\/?p=165982"},"modified":"2020-04-27T08:20:29","modified_gmt":"2020-04-27T11:20:29","slug":"prefeitura-de-monteiro-distribui-cestas-basicas-beneficiando-500-familias","status":"publish","type":"post","link":"https:\/\/www.caririemacao.com\/1\/2020\/04\/27\/prefeitura-de-monteiro-distribui-cestas-basicas-beneficiando-500-familias\/","title":{"rendered":"Prefeitura de Monteiro distribu\u00ed cestas b\u00e1sicas beneficiando 500 fam\u00edlias"},"content":{"rendered":"\n<p>A Prefeitura municipal de Monteiro d\u00e1 prosseguimento na pr\u00f3xima semana, a um dos mais importantes programas sociais de sua hist\u00f3ria, principalmente tendo em vista o aumento da vulnerabilidade social em tempos de pandemia mundial.<\/p>\n\n\n\n<p>Ser\u00e1 entregue mais uma vez, a \u201cCesta Social\u201d, programa idealizado e realizado pela atual gest\u00e3o, com recursos pr\u00f3prios, e que beneficia mensalmente 500 fam\u00edlias de baixa renda com produtos essenciais para a manuten\u00e7\u00e3o nutricional adequada.<\/p>\n\n\n\n<p>\u201cNosso objetivo \u00e9 valorizar e ajudar \u00e0s fam\u00edlias com menos condi\u00e7\u00f5es, e a alimenta\u00e7\u00e3o \u00e9 uma de nossas principais preocupa\u00e7\u00f5es, principalmente em tempos de incertezas e de dificuldades sociais, como as que j\u00e1 come\u00e7am a ser provocadas por esta pandemia\u201d, disse a prefeita Anna Lorena .<\/p>\n\n\n\n<p>A entrega \u00e9 realizada atrav\u00e9s da Secretaria de Desenvolvimento Social do munic\u00edpio e desde o in\u00edcio do sistema de isolamento social est\u00e1 sendo feito dentro de um cronograma que evita as filas e grandes aglomera\u00e7\u00f5es, trazendo mais comodidade aos benefici\u00e1rios.<br>O calend\u00e1rio de entrega deste m\u00eas ser\u00e1 de acordo com as cores dos cart\u00f5es, formato que foi bastante elogiado na entrega do m\u00eas anterior.<\/p>\n\n\n\n<p>Se voc\u00ea \u00e9 benefici\u00e1rio do projeto, fique atento ao calend\u00e1rio abaixo que inicia na pr\u00f3xima segunda-feira, dia 27 e prossegue at\u00e9 a quinta-feira, 30 de abril:<\/p>\n\n\n\n<p>Entrega da Cesta Social<\/p>\n\n\n\n<p>Segunda &#8211; branco<br>Ter\u00e7a &#8211; amarelo<br>Quarta &#8211; azul<br>Quinta pela manh\u00e3 &#8211; rosa<br>Quinta a tarde &#8211; verde<\/p>\n\n\n\n<p>A entrega ser\u00e1 sempre feita no Centro Gastron\u00f4mico no horario das 14 as 17:30h.<\/p>\n\n\n\n<p>Excecionalmente na quinta-feira, dia 30, a entrega acontecer\u00e1 tamb\u00e9m, no per\u00edodo da manh\u00e3, no hor\u00e1rio das 07:30 \u00e0s 11 horas.<\/p>\n","protected":false},"excerpt":{"rendered":"<p>A Prefeitura municipal de Monteiro d\u00e1 prosseguimento na pr\u00f3xima semana, a um dos mais importantes programas sociais de sua hist\u00f3ria, principalmente tendo em vista o&hellip; <\/p>\n","protected":false},"author":1,"featured_media":165928,"comment_status":"closed","ping_status":"closed","sticky":false,"template":"","format":"standard","meta":{"sfsi_plus_gutenberg_text_before_share":"","sfsi_plus_gutenberg_show_text_before_share":"","sfsi_plus_gutenberg_icon_type":"","sfsi_plus_gutenberg_icon_alignemt":"","sfsi_plus_gutenburg_max_per_row":"","footnotes":""},"categories":[6,50],"tags":[],"class_list":["post-165982","post","type-post","status-publish","format-standard","has-post-thumbnail","hentry","category-cidades","category-destaque"],"_links":{"self":[{"href":"https:\/\/www.caririemacao.com\/1\/wp-json\/wp\/v2\/posts\/165982","targetHints":{"allow":["GET"]}}],"collection":[{"href":"https:\/\/www.caririemacao.com\/1\/wp-json\/wp\/v2\/posts"}],"about":[{"href":"https:\/\/www.caririemacao.com\/1\/wp-json\/wp\/v2\/types\/post"}],"author":[{"embeddable":true,"href":"https:\/\/www.caririemacao.com\/1\/wp-json\/wp\/v2\/users\/1"}],"replies":[{"embeddable":true,"href":"https:\/\/www.caririemacao.com\/1\/wp-json\/wp\/v2\/comments?post=165982"}],"version-history":[{"count":1,"href":"https:\/\/www.caririemacao.com\/1\/wp-json\/wp\/v2\/posts\/165982\/revisions"}],"predecessor-version":[{"id":165984,"href":"https:\/\/www.caririemacao.com\/1\/wp-json\/wp\/v2\/posts\/165982\/revisions\/165984"}],"wp:featuredmedia":[{"embeddable":true,"href":"https:\/\/www.caririemacao.com\/1\/wp-json\/wp\/v2\/media\/165928"}],"wp:attachment":[{"href":"https:\/\/www.caririemacao.com\/1\/wp-json\/wp\/v2\/media?parent=165982"}],"wp:term":[{"taxonomy":"category","embeddable":true,"href":"https:\/\/www.caririemacao.com\/1\/wp-json\/wp\/v2\/categories?post=165982"},{"taxonomy":"post_tag","embeddable":true,"href":"https:\/\/www.caririemacao.com\/1\/wp-json\/wp\/v2\/tags?post=165982"}],"curies":[{"name":"wp","href":"https:\/\/api.w.org\/{rel}","templated":true}]}}