{"id":165983,"date":"2020-04-27T08:21:50","date_gmt":"2020-04-27T11:21:50","guid":{"rendered":"https:\/\/www.caririemacao.com\/1\/?p=165983"},"modified":"2020-04-27T08:21:50","modified_gmt":"2020-04-27T11:21:50","slug":"pacientes-com-sintomas-leves-de-covid-19-comecam-a-ser-testados","status":"publish","type":"post","link":"https:\/\/www.caririemacao.com\/1\/2020\/04\/27\/pacientes-com-sintomas-leves-de-covid-19-comecam-a-ser-testados\/","title":{"rendered":"Pacientes com sintomas leves de covid-19 come\u00e7am a ser testados"},"content":{"rendered":"\n<p><img decoding=\"async\" data-srcset=\"https:\/\/paraibaonline.com.br\/wp-content\/uploads\/2020\/04\/TESTE-R\u00c1PIDO-556x417.jpeg 556w, https:\/\/paraibaonline.com.br\/wp-content\/uploads\/2020\/04\/TESTE-R\u00c1PIDO.jpeg 800w\" data-src=\"https:\/\/paraibaonline.com.br\/wp-content\/uploads\/2020\/04\/TESTE-R%C3%81PIDO-556x417.jpeg\" alt=\"Foto: Secom\/JP\" src=\"data:image\/svg+xml;base64,PHN2ZyB3aWR0aD0iMSIgaGVpZ2h0PSIxIiB4bWxucz0iaHR0cDovL3d3dy53My5vcmcvMjAwMC9zdmciPjwvc3ZnPg==\" class=\"lazyload\" style=\"--smush-placeholder-width: 556px; --smush-placeholder-aspect-ratio: 556\/417;\"><\/p>\n\n\n\n<p><\/p>\n\n\n\n<p>Secretaria de Estado da Sa\u00fade (SES), em parceria com a Secretaria Municipal de Sa\u00fade (SMS) de Jo\u00e3o Pessoa, iniciou a a\u00e7\u00e3o de teste r\u00e1pido em domic\u00edlio neste domingo (26).<\/p>\n\n\n\n<p>A estrat\u00e9gia foi elaborada ap\u00f3s a chegada do primeiro lote das 310 mil unidades de teste r\u00e1pido compradas pelo Governo da Para\u00edba, com recursos pr\u00f3prios, para serem aplicadas na popula\u00e7\u00e3o.<\/p>\n\n\n\n<p>A SES repassou 3 mil testes para a capital e, em contrapartida, o munic\u00edpio entrou com a equipe de testagem.<\/p>\n\n\n\n<p>De acordo com a secret\u00e1ria executiva da Sa\u00fade da Para\u00edba, Renata N\u00f3brega, a SES distribuiu as 20 mil unidades entre 36 munic\u00edpios, priorizando a regi\u00e3o metropolitana da capital que det\u00e9m mais de 80% dos casos do novo coronav\u00edrus (covid-19).<\/p>\n\n\n\n<p>Ela explica que a estrat\u00e9gia adotada em Jo\u00e3o Pessoa, em parceria com a SMS, foi a testagem em domic\u00edlio, para evitar aglomera\u00e7\u00f5es.<\/p>\n\n\n\n<p>\u201cEnviamos para a secretaria municipal 3 mil testes r\u00e1pidos e colocamos junto a eles profissionais do estado para auxiliar com a metodologia adotada. As pessoas que ser\u00e3o testadas s\u00e3o aquelas com tempo de sintomas acima de sete dias e que foram notificadas com S\u00edndrome Gripal pela central de atendimento do munic\u00edpio no per\u00edodo entre 17 de mar\u00e7o e 17 de abril. Para todos os 36 munic\u00edpios tivemos a mesma contrapartida. Enviamos os testes adquiridos com recursos do Estado e eles v\u00e3o arcar com os EPIs e as testagens\u201d, pontua.<\/p>\n\n\n\n<p>O objetivo da estrat\u00e9gia \u00e9 mensurar o n\u00famero de indiv\u00edduos com S\u00edndrome Gripal infectados pelo Covid-19 e saber como se comporta a doen\u00e7a na capital, a \u00e1rea mais afetada da Para\u00edba. Com isso, o Estado e o munic\u00edpio esperam obter dados que possam auxiliar na tomada de decis\u00e3o de estrat\u00e9gias para o enfrentamento da pandemia. A testagem ser\u00e1 realizada por 30 equipes de sa\u00fade no per\u00edodo de 26 a 30 de abril.<\/p>\n\n\n\n<p>Testes r\u00e1pidos na Para\u00edba \u2013 Os testes r\u00e1pidos foram distribu\u00eddos em servi\u00e7os estaduais e municipais para testagem do p\u00fablico-alvo mantendo o fluxo de registro das informa\u00e7\u00f5es via sistemas oficiais.<\/p>\n\n\n\n<p>Em Campina Grande, a testagem ser\u00e1 feita nas Unidades de Pronto Atendimento (UPA) de refer\u00eancia.<img decoding=\"async\" data-src=\"https:\/\/paraibaonline.com.br\/wp-content\/uploads\/2020\/04\/TESTE-RAPIDO-ESTADO-556x417.jpeg\" alt=\"Foto: Secom\/PB\" data-srcset=\"https:\/\/paraibaonline.com.br\/wp-content\/uploads\/2020\/04\/TESTE-RAPIDO-ESTADO-556x417.jpeg 556w, https:\/\/paraibaonline.com.br\/wp-content\/uploads\/2020\/04\/TESTE-RAPIDO-ESTADO.jpeg 800w\" src=\"data:image\/svg+xml;base64,PHN2ZyB3aWR0aD0iMSIgaGVpZ2h0PSIxIiB4bWxucz0iaHR0cDovL3d3dy53My5vcmcvMjAwMC9zdmciPjwvc3ZnPg==\" class=\"lazyload\" style=\"--smush-placeholder-width: 556px; --smush-placeholder-aspect-ratio: 556\/417;\"><\/p>\n\n\n\n<p>Foto: Secom\/PB<\/p>\n\n\n\n<p>Na 2\u00aa Ger\u00eancia Regional de Sa\u00fade (GRS), a refer\u00eancia para os testes r\u00e1pidos ser\u00e1 a UPA de Guarabira. Na 3\u00aa GRS os testes r\u00e1pidos ser\u00e3o realizados no Hospital Municipal de Esperan\u00e7a, no Centro de Testagem de Esperan\u00e7a e no Hospital Municipal de Areia. Na 4\u00aa GRS a oferta dos testes r\u00e1pidos ser\u00e1 no Centro de Testagem de Cuit\u00e9, Centro Testagem de Picu\u00ed e Hospital Regional de Picu\u00ed.<\/p>\n\n\n\n<p>Na 5\u00aa GRS as refer\u00eancias s\u00e3o o Hospital de Sum\u00e9, Hospital de Serra Branca, UPA de Monteiro; 6\u00aa GRS: Hospital Regional de Patos ou UPA de Patos e Hospital Sinh\u00e1 Carneiro, em Santa Luzia; 7\u00aa GRS: Pianc\u00f3, Concei\u00e7\u00e3o, Hospital Regional de Itaporanga; 8\u00aa GRS: Hospital Regional de Catol\u00e9, Hospital Municipal de S\u00e3o Bento, Hospital Municipal de Brejo do Cruz; 9\u00aa GRS: UPA de Cajazeiras, Posto de Testagem Uira\u00fana, Hospital Municipal de S\u00e3o Jos\u00e9 de Piranhas; 10\u00aa GRS: Sousa, nos Centro de Testagem e na UPA; 11\u00aa GRS: Hospital de Princesa Isabel, Hospital Municipal de Princesa Isabel, Hospital Municipal de \u00c1gua Branca e Hospital Municipal de Juru; 12\u00aa GRS: UPA de Ing\u00e1, Hospital Municipal de Pedras de Fogo, Posto de Testagem de Itabaiana; 13\u00aa GRS: Pombal Hospital Regional de Pombal, UPA de Pombal, Hospital Municipal de Paulista; 14\u00aa GRS: Posto de Testagem de Mamanguape, Secretaria Municipal de Sa\u00fade e Hospital Regional;15\u00aa GRS: Hospital Regional de Queimadas, Hospital Municipal de Aroeiras, Hospital Municipal de Boqueir\u00e3o; 16\u00aa GRS: Hospital Geral de Tapero\u00e1 e Hospital Municipal de Soledade.<\/p>\n","protected":false},"excerpt":{"rendered":"<p>Secretaria de Estado da Sa\u00fade (SES), em parceria com a Secretaria Municipal de Sa\u00fade (SMS) de Jo\u00e3o Pessoa, iniciou a a\u00e7\u00e3o de teste r\u00e1pido em&hellip; <\/p>\n","protected":false},"author":2,"featured_media":161842,"comment_status":"closed","ping_status":"closed","sticky":false,"template":"","format":"standard","meta":{"sfsi_plus_gutenberg_text_before_share":"","sfsi_plus_gutenberg_show_text_before_share":"","sfsi_plus_gutenberg_icon_type":"","sfsi_plus_gutenberg_icon_alignemt":"","sfsi_plus_gutenburg_max_per_row":"","footnotes":""},"categories":[6],"tags":[],"class_list":["post-165983","post","type-post","status-publish","format-standard","has-post-thumbnail","hentry","category-cidades"],"_links":{"self":[{"href":"https:\/\/www.caririemacao.com\/1\/wp-json\/wp\/v2\/posts\/165983","targetHints":{"allow":["GET"]}}],"collection":[{"href":"https:\/\/www.caririemacao.com\/1\/wp-json\/wp\/v2\/posts"}],"about":[{"href":"https:\/\/www.caririemacao.com\/1\/wp-json\/wp\/v2\/types\/post"}],"author":[{"embeddable":true,"href":"https:\/\/www.caririemacao.com\/1\/wp-json\/wp\/v2\/users\/2"}],"replies":[{"embeddable":true,"href":"https:\/\/www.caririemacao.com\/1\/wp-json\/wp\/v2\/comments?post=165983"}],"version-history":[{"count":1,"href":"https:\/\/www.caririemacao.com\/1\/wp-json\/wp\/v2\/posts\/165983\/revisions"}],"predecessor-version":[{"id":165986,"href":"https:\/\/www.caririemacao.com\/1\/wp-json\/wp\/v2\/posts\/165983\/revisions\/165986"}],"wp:featuredmedia":[{"embeddable":true,"href":"https:\/\/www.caririemacao.com\/1\/wp-json\/wp\/v2\/media\/161842"}],"wp:attachment":[{"href":"https:\/\/www.caririemacao.com\/1\/wp-json\/wp\/v2\/media?parent=165983"}],"wp:term":[{"taxonomy":"category","embeddable":true,"href":"https:\/\/www.caririemacao.com\/1\/wp-json\/wp\/v2\/categories?post=165983"},{"taxonomy":"post_tag","embeddable":true,"href":"https:\/\/www.caririemacao.com\/1\/wp-json\/wp\/v2\/tags?post=165983"}],"curies":[{"name":"wp","href":"https:\/\/api.w.org\/{rel}","templated":true}]}}