{"id":165985,"date":"2020-04-27T08:24:55","date_gmt":"2020-04-27T11:24:55","guid":{"rendered":"https:\/\/www.caririemacao.com\/1\/?p=165985"},"modified":"2020-04-27T08:24:55","modified_gmt":"2020-04-27T11:24:55","slug":"monteiro-centro-de-convivencia-do-idoso-clube-de-maes-e-outras-entidades-receberao-auxilio-da-prefeitura","status":"publish","type":"post","link":"https:\/\/www.caririemacao.com\/1\/2020\/04\/27\/monteiro-centro-de-convivencia-do-idoso-clube-de-maes-e-outras-entidades-receberao-auxilio-da-prefeitura\/","title":{"rendered":"Monteiro: Centro de conviv\u00eancia do idoso, clube de m\u00e3es e outras entidades receber\u00e3o aux\u00edlio da prefeitura"},"content":{"rendered":"\n<p>A prefeita do munic\u00edpio de Monteiro, Anna Lorena, vem incansavelmente agindo em prol da popula\u00e7\u00e3o monteirense a fim de resguard\u00e1-los neste momento de crise em que o pa\u00eds se encontra.<\/p>\n\n\n\n<p>Neste sentido, a gestora enviou \u00e0 C\u00e2mara Municipal tr\u00eas projetos de suma import\u00e2ncia para crian\u00e7as, idosos e portadores de necessidades.<\/p>\n\n\n\n<p>O primeiro projeto aprovado trata-se da autoriza\u00e7\u00e3o da cria\u00e7\u00e3o do Programa \u201cFam\u00edlia Acolhedora\u201d no \u00e2mbito da pol\u00edtica municipal de prote\u00e7\u00e3o a crian\u00e7as e adolescentes em situa\u00e7\u00e3o de risco, inclusive com a concess\u00e3o de todos os incentivos a estas fam\u00edlias que se dispuserem a realizar este acolhimento.<\/p>\n\n\n\n<p>Tamb\u00e9m foi aprovado o projeto que autoriza a concess\u00e3o de repasse de R$ 3.500,00 (tr\u00eas mil e quinhentos reais) mensais, ao Centro De Conviv\u00eancia do Idoso Iracema de Azevedo Menezes, retroativo ao m\u00eas de janeiro.<\/p>\n\n\n\n<p>Aprovados tamb\u00e9m, os repasses de 02 (dois) sal\u00e1rios m\u00ednimos ao Orfanato S\u00e3o Sebasti\u00e3o; 02 (dois) sal\u00e1rios m\u00ednimos a Associa\u00e7\u00e3o de Apoio aos Portadores de Necessidades Especiais (AAPNE); e R$2.000,00 (dois mil reais) ao Clube de M\u00e3es de Monteiro, todos tamb\u00e9m retroativos \u00e0 Janeiro.<\/p>\n\n\n\n<p>Os projetos foram aprovados de forma extraordin\u00e1ria na manha desta sexta feira, 24. Um gesto que demonstra o cuidado com a popula\u00e7\u00e3o, tanto por parte dos vereadores quanto da prefeita Anna Lorena, que mesmo em tempos de pandemia e medidas restritivas, o poder legislativo atendeu prontamente o chamamento do Presidente da C\u00e2mara Caj\u00f3 Menezes, tendo em vista as necessidades em pauta.<\/p>\n\n\n\n<p>&nbsp;\u201cS\u00e3o projetos relevantes e que precisavam da aprova\u00e7\u00e3o imediata por parte desta casa legislativa para que as entidades que prestam servi\u00e7os sociais e filantr\u00f3picos possam ser beneficiadas com os seus respectivos repasses\u201d, disse o vereador Caj\u00f3.<\/p>\n\n\n\n<p>Ap\u00f3s a aprova\u00e7\u00e3o a prefeita Anna Lorena externou sua gratid\u00e3o e reafirmou a parceria entre executivo e legislativo comentando: \u201cTemos percebido que a parceria entre Prefeitura e C\u00e2mara tem rendido grandes frutos em prol da popula\u00e7\u00e3o. Sabemos que neste momento delicado \u00e9 imprescind\u00edvel que haja uma sincronia. Agora vamos continuar fazendo ao m\u00e1ximo para sanar as necessidades dos monteirenses e o trabalho segue firme\u201d.<\/p>\n","protected":false},"excerpt":{"rendered":"<p>A prefeita do munic\u00edpio de Monteiro, Anna Lorena, vem incansavelmente agindo em prol da popula\u00e7\u00e3o monteirense a fim de resguard\u00e1-los neste momento de crise em&hellip; <\/p>\n","protected":false},"author":1,"featured_media":165988,"comment_status":"closed","ping_status":"closed","sticky":false,"template":"","format":"standard","meta":{"sfsi_plus_gutenberg_text_before_share":"","sfsi_plus_gutenberg_show_text_before_share":"","sfsi_plus_gutenberg_icon_type":"","sfsi_plus_gutenberg_icon_alignemt":"","sfsi_plus_gutenburg_max_per_row":"","footnotes":""},"categories":[6,50],"tags":[],"class_list":["post-165985","post","type-post","status-publish","format-standard","has-post-thumbnail","hentry","category-cidades","category-destaque"],"_links":{"self":[{"href":"https:\/\/www.caririemacao.com\/1\/wp-json\/wp\/v2\/posts\/165985","targetHints":{"allow":["GET"]}}],"collection":[{"href":"https:\/\/www.caririemacao.com\/1\/wp-json\/wp\/v2\/posts"}],"about":[{"href":"https:\/\/www.caririemacao.com\/1\/wp-json\/wp\/v2\/types\/post"}],"author":[{"embeddable":true,"href":"https:\/\/www.caririemacao.com\/1\/wp-json\/wp\/v2\/users\/1"}],"replies":[{"embeddable":true,"href":"https:\/\/www.caririemacao.com\/1\/wp-json\/wp\/v2\/comments?post=165985"}],"version-history":[{"count":1,"href":"https:\/\/www.caririemacao.com\/1\/wp-json\/wp\/v2\/posts\/165985\/revisions"}],"predecessor-version":[{"id":165989,"href":"https:\/\/www.caririemacao.com\/1\/wp-json\/wp\/v2\/posts\/165985\/revisions\/165989"}],"wp:featuredmedia":[{"embeddable":true,"href":"https:\/\/www.caririemacao.com\/1\/wp-json\/wp\/v2\/media\/165988"}],"wp:attachment":[{"href":"https:\/\/www.caririemacao.com\/1\/wp-json\/wp\/v2\/media?parent=165985"}],"wp:term":[{"taxonomy":"category","embeddable":true,"href":"https:\/\/www.caririemacao.com\/1\/wp-json\/wp\/v2\/categories?post=165985"},{"taxonomy":"post_tag","embeddable":true,"href":"https:\/\/www.caririemacao.com\/1\/wp-json\/wp\/v2\/tags?post=165985"}],"curies":[{"name":"wp","href":"https:\/\/api.w.org\/{rel}","templated":true}]}}