{"id":165987,"date":"2020-04-27T08:25:46","date_gmt":"2020-04-27T11:25:46","guid":{"rendered":"https:\/\/www.caririemacao.com\/1\/?p=165987"},"modified":"2020-04-27T08:25:46","modified_gmt":"2020-04-27T11:25:46","slug":"no-cariri-agricultor-e-assassinado-com-tiro-de-espingarda-na-cabeca","status":"publish","type":"post","link":"https:\/\/www.caririemacao.com\/1\/2020\/04\/27\/no-cariri-agricultor-e-assassinado-com-tiro-de-espingarda-na-cabeca\/","title":{"rendered":"No Cariri: agricultor \u00e9 assassinado com tiro de espingarda na cabe\u00e7a"},"content":{"rendered":"\n<p>Um homem conhecido por Neguinho de An\u00edsio, 29 anos, residente na cidade de Juazerinho, no Cariri, foi morto na madrugada deste domingo (26), com um tiro de espingarda na cabe\u00e7a.<\/p>\n\n\n\n<p>A v\u00edtima estava dentro de casa dormindo, com a mulher e os filhos pequenos, quando dois homens armados arrombaram a&nbsp;casa e o executaram.<\/p>\n\n\n\n<p>De acordo com relatos da esposa da v\u00edtima, os suspeitos n\u00e3o usavam m\u00e1scaras e o marido ainda pegou uma espingarda quando ouviu o arrombamento, mas n\u00e3o conseguiu se defender. Ap\u00f3s o crime, os suspeitos fugiram.<\/p>\n\n\n\n<p>Familiares da v\u00edtima informaram que o homem foi amea\u00e7ado por um ex-patr\u00e3o ap\u00f3s vencer uma a\u00e7\u00e3o judicial. Neguinho iria receber uma indeniza\u00e7\u00e3o de R$ 100 mil.<\/p>\n\n\n\n<p>Ainda segundo familiares, o ex-patr\u00e3o teria dito que&nbsp;ele \u201cn\u00e3o comeria uma bolacha com esse dinheiro\u201d e que os homens&nbsp;j\u00e1 teriam ido mat\u00e1-lo semana passada, mas o agricultor n\u00e3o estava em casa. Familiares j\u00e1 tinham o aconselhado a se mudar, por\u00e9m ele disse que n\u00e3o iria sair da casa onde morava.<\/p>\n\n\n\n<p>A per\u00edcia do IPC&nbsp;foi acionada at\u00e9 o local.&nbsp;A Pol\u00edcia Civil ir\u00e1 investigar o caso.<\/p>\n","protected":false},"excerpt":{"rendered":"<p>Um homem conhecido por Neguinho de An\u00edsio, 29 anos, residente na cidade de Juazerinho, no Cariri, foi morto na madrugada deste domingo (26), com um&hellip; <\/p>\n","protected":false},"author":2,"featured_media":164423,"comment_status":"closed","ping_status":"closed","sticky":false,"template":"","format":"standard","meta":{"sfsi_plus_gutenberg_text_before_share":"","sfsi_plus_gutenberg_show_text_before_share":"","sfsi_plus_gutenberg_icon_type":"","sfsi_plus_gutenberg_icon_alignemt":"","sfsi_plus_gutenburg_max_per_row":"","footnotes":""},"categories":[50,12],"tags":[],"class_list":["post-165987","post","type-post","status-publish","format-standard","has-post-thumbnail","hentry","category-destaque","category-policia"],"_links":{"self":[{"href":"https:\/\/www.caririemacao.com\/1\/wp-json\/wp\/v2\/posts\/165987","targetHints":{"allow":["GET"]}}],"collection":[{"href":"https:\/\/www.caririemacao.com\/1\/wp-json\/wp\/v2\/posts"}],"about":[{"href":"https:\/\/www.caririemacao.com\/1\/wp-json\/wp\/v2\/types\/post"}],"author":[{"embeddable":true,"href":"https:\/\/www.caririemacao.com\/1\/wp-json\/wp\/v2\/users\/2"}],"replies":[{"embeddable":true,"href":"https:\/\/www.caririemacao.com\/1\/wp-json\/wp\/v2\/comments?post=165987"}],"version-history":[{"count":1,"href":"https:\/\/www.caririemacao.com\/1\/wp-json\/wp\/v2\/posts\/165987\/revisions"}],"predecessor-version":[{"id":165990,"href":"https:\/\/www.caririemacao.com\/1\/wp-json\/wp\/v2\/posts\/165987\/revisions\/165990"}],"wp:featuredmedia":[{"embeddable":true,"href":"https:\/\/www.caririemacao.com\/1\/wp-json\/wp\/v2\/media\/164423"}],"wp:attachment":[{"href":"https:\/\/www.caririemacao.com\/1\/wp-json\/wp\/v2\/media?parent=165987"}],"wp:term":[{"taxonomy":"category","embeddable":true,"href":"https:\/\/www.caririemacao.com\/1\/wp-json\/wp\/v2\/categories?post=165987"},{"taxonomy":"post_tag","embeddable":true,"href":"https:\/\/www.caririemacao.com\/1\/wp-json\/wp\/v2\/tags?post=165987"}],"curies":[{"name":"wp","href":"https:\/\/api.w.org\/{rel}","templated":true}]}}