{"id":165996,"date":"2020-04-27T08:35:40","date_gmt":"2020-04-27T11:35:40","guid":{"rendered":"https:\/\/www.caririemacao.com\/1\/?p=165996"},"modified":"2020-04-27T08:35:40","modified_gmt":"2020-04-27T11:35:40","slug":"caraubas-secretaria-de-saude-adquire-3-novos-veiculos-para-a-atencao-basica","status":"publish","type":"post","link":"https:\/\/www.caririemacao.com\/1\/2020\/04\/27\/caraubas-secretaria-de-saude-adquire-3-novos-veiculos-para-a-atencao-basica\/","title":{"rendered":"Cara\u00fabas: Secretaria de Sa\u00fade adquire 3 novos ve\u00edculos para a aten\u00e7\u00e3o b\u00e1sica"},"content":{"rendered":"\n<p>A secretaria da Sa\u00fade do munic\u00edpio de Cara\u00fabas comprou 03(tr\u00eas) novos ve\u00edculos de passeio, tipo gol, que servir\u00e3o as equipes da sa\u00fade do ESF respons\u00e1veis pela Aten\u00e7\u00e3o B\u00e1sica.<\/p>\n\n\n\n<p><br>De acordo com o secret\u00e1rio Leonardo Eneas, os ve\u00edculos s\u00f3 foram poss\u00edveis ser adquiridos gra\u00e7as ao empenho e o compromisso do prefeito Silvano Dudu, que garantiu a compra de 02(dois) desses ve\u00edculos com recursos pr\u00f3prios quando do que foi arrecadado com o leil\u00e3o de ve\u00edculos em desuso e sucateados que pertenciam a frota da sa\u00fade do munic\u00edpio. Foram investidos aproximadamente, R$ 120.000,00 (Cento e Vinte Mil Reais) na aquisi\u00e7\u00e3o dos 03 (tr\u00eas) ve\u00edculos, sendo que desse montante, R$ 88.000,00 (Oitenta e Oito Mil Reais) foram com recursos pr\u00f3prios e o restante oriundo da Emenda Parlamentar do Deputado Efraim Filho, disse ele.<\/p>\n\n\n\n<p><br>Na manh\u00e3 desta quinta-feira, dia 23\/04, o secret\u00e1rio da sa\u00fade esteve acompanhando o prefeito Silvano Dudu a concession\u00e1ria vencedora do processo licitat\u00f3rio, localizada no munic\u00edpio de Patos \u2013 PB, para receber as chaves dos ve\u00edculos. Estamos aqui hoje para receber estes ve\u00edculos e aumentar a capacidade de nossa frota de ve\u00edculos que servir\u00e1 aos profissionais e a popula\u00e7\u00e3o de Cara\u00fabas, afirmou o prefeito.<br>Estou feliz porque sabemos como foi pegar a gest\u00e3o p\u00fablica de ve\u00edculos de Cara\u00fabas, em janeiro de 2017. Tudo sucateado, ambul\u00e2ncias quebradas, ve\u00edculos sem condi\u00e7\u00f5es de trafegar, frota reduzida, enfim, hoje conseguimos transformar essa realidade. Adquirimos novas ambul\u00e2ncias, uma Van para o transporte de pacientes e agora ve\u00edculos para as equipes da Aten\u00e7\u00e3o B\u00e1sica, concluiu o prefeito Silvano Dudu.<br>De acordo com o secret\u00e1rio da sa\u00fade, Leonardo Eneas, os ve\u00edculos passar\u00e3o agora pelo processo de adesivagem e a meta \u00e9 entregar at\u00e9 o anivers\u00e1rio dos 23 anos da cidade esses novos ve\u00edculos. Quero aqui agradecer ao prefeito o esfor\u00e7o que tem sido feito para reestruturar a Secretaria da Sa\u00fade e d\u00e1 condi\u00e7\u00f5es para que os profissionais possam desenvolver suas atividades, concluiu.<\/p>\n\n\n\n<p>Fonte: SEPLACOM<br>Foto: Arquivo SEPLACOM<\/p>\n","protected":false},"excerpt":{"rendered":"<p>A secretaria da Sa\u00fade do munic\u00edpio de Cara\u00fabas comprou 03(tr\u00eas) novos ve\u00edculos de passeio, tipo gol, que servir\u00e3o as equipes da sa\u00fade do ESF respons\u00e1veis&hellip; <\/p>\n","protected":false},"author":1,"featured_media":166000,"comment_status":"closed","ping_status":"closed","sticky":false,"template":"","format":"standard","meta":{"sfsi_plus_gutenberg_text_before_share":"","sfsi_plus_gutenberg_show_text_before_share":"","sfsi_plus_gutenberg_icon_type":"","sfsi_plus_gutenberg_icon_alignemt":"","sfsi_plus_gutenburg_max_per_row":"","footnotes":""},"categories":[6,50],"tags":[],"class_list":["post-165996","post","type-post","status-publish","format-standard","has-post-thumbnail","hentry","category-cidades","category-destaque"],"_links":{"self":[{"href":"https:\/\/www.caririemacao.com\/1\/wp-json\/wp\/v2\/posts\/165996","targetHints":{"allow":["GET"]}}],"collection":[{"href":"https:\/\/www.caririemacao.com\/1\/wp-json\/wp\/v2\/posts"}],"about":[{"href":"https:\/\/www.caririemacao.com\/1\/wp-json\/wp\/v2\/types\/post"}],"author":[{"embeddable":true,"href":"https:\/\/www.caririemacao.com\/1\/wp-json\/wp\/v2\/users\/1"}],"replies":[{"embeddable":true,"href":"https:\/\/www.caririemacao.com\/1\/wp-json\/wp\/v2\/comments?post=165996"}],"version-history":[{"count":1,"href":"https:\/\/www.caririemacao.com\/1\/wp-json\/wp\/v2\/posts\/165996\/revisions"}],"predecessor-version":[{"id":166001,"href":"https:\/\/www.caririemacao.com\/1\/wp-json\/wp\/v2\/posts\/165996\/revisions\/166001"}],"wp:featuredmedia":[{"embeddable":true,"href":"https:\/\/www.caririemacao.com\/1\/wp-json\/wp\/v2\/media\/166000"}],"wp:attachment":[{"href":"https:\/\/www.caririemacao.com\/1\/wp-json\/wp\/v2\/media?parent=165996"}],"wp:term":[{"taxonomy":"category","embeddable":true,"href":"https:\/\/www.caririemacao.com\/1\/wp-json\/wp\/v2\/categories?post=165996"},{"taxonomy":"post_tag","embeddable":true,"href":"https:\/\/www.caririemacao.com\/1\/wp-json\/wp\/v2\/tags?post=165996"}],"curies":[{"name":"wp","href":"https:\/\/api.w.org\/{rel}","templated":true}]}}