{"id":165999,"date":"2020-04-27T08:36:50","date_gmt":"2020-04-27T11:36:50","guid":{"rendered":"https:\/\/www.caririemacao.com\/1\/?p=165999"},"modified":"2020-04-27T08:36:50","modified_gmt":"2020-04-27T11:36:50","slug":"corpo-de-catador-de-material-reciclavel-e-encontrado-em-rio-no-sertao-da-paraiba","status":"publish","type":"post","link":"https:\/\/www.caririemacao.com\/1\/2020\/04\/27\/corpo-de-catador-de-material-reciclavel-e-encontrado-em-rio-no-sertao-da-paraiba\/","title":{"rendered":"Corpo de catador de material recicl\u00e1vel \u00e9 encontrado em rio no Sert\u00e3o da Para\u00edba"},"content":{"rendered":"\n<p>O corpo de um catador de material recicl\u00e1vel foi encontrado no Rio da Cruz, neste domingo (26), na cidade de Patos, no Sert\u00e3o da Para\u00edba. O homem teria tentado passar por cima de uma ponte, na tarde do s\u00e1bado (25), para pegar um m\u00f3vel abandonado do outro lado do rio.&nbsp;<\/p>\n\n\n\n<p>De acordo com testemunhas, ao cair no rio, um sobrinho da v\u00edtima tentou salv\u00e1-lo, mas n\u00e3o conseguiu.&nbsp;<\/p>\n\n\n\n<p>O Corpo de Bombeiros foi&nbsp;acionado e as buscas foram iniciadas durante o s\u00e1bado, mas a equipe n\u00e3o conseguiu encontr\u00e1-lo.&nbsp;<\/p>\n\n\n\n<p>J\u00e1 no domingo, durante a retomada das buscas, o corpo do homem foi resgatado no rio.<\/p>\n","protected":false},"excerpt":{"rendered":"<p>O corpo de um catador de material recicl\u00e1vel foi encontrado no Rio da Cruz, neste domingo (26), na cidade de Patos, no Sert\u00e3o da Para\u00edba.&hellip; <\/p>\n","protected":false},"author":2,"featured_media":166002,"comment_status":"closed","ping_status":"closed","sticky":false,"template":"","format":"standard","meta":{"sfsi_plus_gutenberg_text_before_share":"","sfsi_plus_gutenberg_show_text_before_share":"","sfsi_plus_gutenberg_icon_type":"","sfsi_plus_gutenberg_icon_alignemt":"","sfsi_plus_gutenburg_max_per_row":"","footnotes":""},"categories":[12],"tags":[],"class_list":["post-165999","post","type-post","status-publish","format-standard","has-post-thumbnail","hentry","category-policia"],"_links":{"self":[{"href":"https:\/\/www.caririemacao.com\/1\/wp-json\/wp\/v2\/posts\/165999","targetHints":{"allow":["GET"]}}],"collection":[{"href":"https:\/\/www.caririemacao.com\/1\/wp-json\/wp\/v2\/posts"}],"about":[{"href":"https:\/\/www.caririemacao.com\/1\/wp-json\/wp\/v2\/types\/post"}],"author":[{"embeddable":true,"href":"https:\/\/www.caririemacao.com\/1\/wp-json\/wp\/v2\/users\/2"}],"replies":[{"embeddable":true,"href":"https:\/\/www.caririemacao.com\/1\/wp-json\/wp\/v2\/comments?post=165999"}],"version-history":[{"count":1,"href":"https:\/\/www.caririemacao.com\/1\/wp-json\/wp\/v2\/posts\/165999\/revisions"}],"predecessor-version":[{"id":166003,"href":"https:\/\/www.caririemacao.com\/1\/wp-json\/wp\/v2\/posts\/165999\/revisions\/166003"}],"wp:featuredmedia":[{"embeddable":true,"href":"https:\/\/www.caririemacao.com\/1\/wp-json\/wp\/v2\/media\/166002"}],"wp:attachment":[{"href":"https:\/\/www.caririemacao.com\/1\/wp-json\/wp\/v2\/media?parent=165999"}],"wp:term":[{"taxonomy":"category","embeddable":true,"href":"https:\/\/www.caririemacao.com\/1\/wp-json\/wp\/v2\/categories?post=165999"},{"taxonomy":"post_tag","embeddable":true,"href":"https:\/\/www.caririemacao.com\/1\/wp-json\/wp\/v2\/tags?post=165999"}],"curies":[{"name":"wp","href":"https:\/\/api.w.org\/{rel}","templated":true}]}}