{"id":166005,"date":"2020-04-27T08:46:45","date_gmt":"2020-04-27T11:46:45","guid":{"rendered":"https:\/\/www.caririemacao.com\/1\/?p=166005"},"modified":"2020-04-27T08:46:45","modified_gmt":"2020-04-27T11:46:45","slug":"prefeitura-de-sao-jose-dos-cordeiros-instala-equipamentos-para-pratica-de-atividades-fisicas","status":"publish","type":"post","link":"https:\/\/www.caririemacao.com\/1\/2020\/04\/27\/prefeitura-de-sao-jose-dos-cordeiros-instala-equipamentos-para-pratica-de-atividades-fisicas\/","title":{"rendered":"Prefeitura de S\u00e3o Jos\u00e9 dos Cordeiros instala equipamentos para pr\u00e1tica de atividades f\u00edsicas"},"content":{"rendered":"\n<p>Prefeitura de S\u00e3o Jos\u00e9 dos Cordeiros atrav\u00e9s das Secretarias de Servi\u00e7os Urbanos e Secretaria de Sa\u00fade, instala na comunidade Sim\u00e3o Lopes ao lado da quadra esportiva equipamentos que servir\u00e3o para pr\u00e1tica de atividade f\u00edsica levando mais qualidade de vida a nossa popula\u00e7\u00e3o. <\/p>\n\n\n\n<p>Os equipamentos foram adquiridos com recursos pr\u00f3prios e servir\u00e3o para as comunidades vizinhas tamb\u00e9m. Onde se pretende levar profissionais que orientem o uso. &#8220;Pedimos colabora\u00e7\u00e3o dos usu\u00e1rios para manterem os equipamentos em perfeito estado. Que Deus nos aben\u00e7oe sempre e pretendemos levar essa a\u00e7\u00e3o para outras comunidades rurais tamb\u00e9m. Quero agradecer o empenho de seu Genival, do amigo Cl\u00e1udio e de toda nossa equipe de trabalho&#8221;,afirmou o prefeito Jefferson Roberto<\/p>\n","protected":false},"excerpt":{"rendered":"<p>Prefeitura de S\u00e3o Jos\u00e9 dos Cordeiros atrav\u00e9s das Secretarias de Servi\u00e7os Urbanos e Secretaria de Sa\u00fade, instala na comunidade Sim\u00e3o Lopes ao lado da quadra&hellip; <\/p>\n","protected":false},"author":1,"featured_media":166010,"comment_status":"closed","ping_status":"closed","sticky":false,"template":"","format":"standard","meta":{"sfsi_plus_gutenberg_text_before_share":"","sfsi_plus_gutenberg_show_text_before_share":"","sfsi_plus_gutenberg_icon_type":"","sfsi_plus_gutenberg_icon_alignemt":"","sfsi_plus_gutenburg_max_per_row":"","footnotes":""},"categories":[6,50],"tags":[],"class_list":["post-166005","post","type-post","status-publish","format-standard","has-post-thumbnail","hentry","category-cidades","category-destaque"],"_links":{"self":[{"href":"https:\/\/www.caririemacao.com\/1\/wp-json\/wp\/v2\/posts\/166005","targetHints":{"allow":["GET"]}}],"collection":[{"href":"https:\/\/www.caririemacao.com\/1\/wp-json\/wp\/v2\/posts"}],"about":[{"href":"https:\/\/www.caririemacao.com\/1\/wp-json\/wp\/v2\/types\/post"}],"author":[{"embeddable":true,"href":"https:\/\/www.caririemacao.com\/1\/wp-json\/wp\/v2\/users\/1"}],"replies":[{"embeddable":true,"href":"https:\/\/www.caririemacao.com\/1\/wp-json\/wp\/v2\/comments?post=166005"}],"version-history":[{"count":1,"href":"https:\/\/www.caririemacao.com\/1\/wp-json\/wp\/v2\/posts\/166005\/revisions"}],"predecessor-version":[{"id":166011,"href":"https:\/\/www.caririemacao.com\/1\/wp-json\/wp\/v2\/posts\/166005\/revisions\/166011"}],"wp:featuredmedia":[{"embeddable":true,"href":"https:\/\/www.caririemacao.com\/1\/wp-json\/wp\/v2\/media\/166010"}],"wp:attachment":[{"href":"https:\/\/www.caririemacao.com\/1\/wp-json\/wp\/v2\/media?parent=166005"}],"wp:term":[{"taxonomy":"category","embeddable":true,"href":"https:\/\/www.caririemacao.com\/1\/wp-json\/wp\/v2\/categories?post=166005"},{"taxonomy":"post_tag","embeddable":true,"href":"https:\/\/www.caririemacao.com\/1\/wp-json\/wp\/v2\/tags?post=166005"}],"curies":[{"name":"wp","href":"https:\/\/api.w.org\/{rel}","templated":true}]}}