{"id":166012,"date":"2020-04-27T08:50:00","date_gmt":"2020-04-27T11:50:00","guid":{"rendered":"https:\/\/www.caririemacao.com\/1\/?p=166012"},"modified":"2020-04-27T08:50:00","modified_gmt":"2020-04-27T11:50:00","slug":"idoso-e-assaltado-em-serra-branca","status":"publish","type":"post","link":"https:\/\/www.caririemacao.com\/1\/2020\/04\/27\/idoso-e-assaltado-em-serra-branca\/","title":{"rendered":"Idoso \u00e9 assaltado em Serra Branca"},"content":{"rendered":"\n<p>Por volta das 21h00min do dia 26, o COPOM recebeu uma liga\u00e7\u00e3o informando que teria acontecido um assalto em uma resid\u00eancia situada na Rua Vicente Jacob, Serra Branca-pb.<\/p>\n\n\n\n<p>Que de imediato a guarni\u00e7\u00e3o se deslocou at\u00e9 o local informando e ao chegar foi localizada a v\u00edtima de (70) anos de idade, que estava bastante nervosa e relatou que teria ido at\u00e9 a porta da cozinha e ao abrir foi surpreendida por dois meliantes que a agrediram e em seguida entraram para o interior da resid\u00eancia, amarrando. Foi subtra\u00eddo da v\u00edtima a quantia de r$9.300,00 (nove mil e trezentos reais), os meliantes chegaram logo perguntando pelo dinheiro e nada mais foi subtra\u00eddo.<\/p>\n\n\n\n<p>A guarni\u00e7\u00e3o realizou dilig\u00eancias no local, por\u00e9m sem \u00eaxito em seguida conduziu a v\u00edtima at\u00e9 a delegacia local para as medidas cab\u00edveis.<\/p>\n","protected":false},"excerpt":{"rendered":"<p>Por volta das 21h00min do dia 26, o COPOM recebeu uma liga\u00e7\u00e3o informando que teria acontecido um assalto em uma resid\u00eancia situada na Rua Vicente&hellip; <\/p>\n","protected":false},"author":1,"featured_media":164635,"comment_status":"closed","ping_status":"closed","sticky":false,"template":"","format":"standard","meta":{"sfsi_plus_gutenberg_text_before_share":"","sfsi_plus_gutenberg_show_text_before_share":"","sfsi_plus_gutenberg_icon_type":"","sfsi_plus_gutenberg_icon_alignemt":"","sfsi_plus_gutenburg_max_per_row":"","footnotes":""},"categories":[6,50],"tags":[],"class_list":["post-166012","post","type-post","status-publish","format-standard","has-post-thumbnail","hentry","category-cidades","category-destaque"],"_links":{"self":[{"href":"https:\/\/www.caririemacao.com\/1\/wp-json\/wp\/v2\/posts\/166012","targetHints":{"allow":["GET"]}}],"collection":[{"href":"https:\/\/www.caririemacao.com\/1\/wp-json\/wp\/v2\/posts"}],"about":[{"href":"https:\/\/www.caririemacao.com\/1\/wp-json\/wp\/v2\/types\/post"}],"author":[{"embeddable":true,"href":"https:\/\/www.caririemacao.com\/1\/wp-json\/wp\/v2\/users\/1"}],"replies":[{"embeddable":true,"href":"https:\/\/www.caririemacao.com\/1\/wp-json\/wp\/v2\/comments?post=166012"}],"version-history":[{"count":1,"href":"https:\/\/www.caririemacao.com\/1\/wp-json\/wp\/v2\/posts\/166012\/revisions"}],"predecessor-version":[{"id":166013,"href":"https:\/\/www.caririemacao.com\/1\/wp-json\/wp\/v2\/posts\/166012\/revisions\/166013"}],"wp:featuredmedia":[{"embeddable":true,"href":"https:\/\/www.caririemacao.com\/1\/wp-json\/wp\/v2\/media\/164635"}],"wp:attachment":[{"href":"https:\/\/www.caririemacao.com\/1\/wp-json\/wp\/v2\/media?parent=166012"}],"wp:term":[{"taxonomy":"category","embeddable":true,"href":"https:\/\/www.caririemacao.com\/1\/wp-json\/wp\/v2\/categories?post=166012"},{"taxonomy":"post_tag","embeddable":true,"href":"https:\/\/www.caririemacao.com\/1\/wp-json\/wp\/v2\/tags?post=166012"}],"curies":[{"name":"wp","href":"https:\/\/api.w.org\/{rel}","templated":true}]}}