{"id":166015,"date":"2020-04-27T09:29:24","date_gmt":"2020-04-27T12:29:24","guid":{"rendered":"https:\/\/www.caririemacao.com\/1\/?p=166015"},"modified":"2020-04-27T09:29:24","modified_gmt":"2020-04-27T12:29:24","slug":"empresas-do-setor-textil-que-querem-fornecer-mascaras-de-tecido-na-paraiba-devem-enviar-propostas-ate-esta-segunda","status":"publish","type":"post","link":"https:\/\/www.caririemacao.com\/1\/2020\/04\/27\/empresas-do-setor-textil-que-querem-fornecer-mascaras-de-tecido-na-paraiba-devem-enviar-propostas-ate-esta-segunda\/","title":{"rendered":"Empresas do setor t\u00eaxtil que querem fornecer m\u00e1scaras de tecido na Para\u00edba devem enviar propostas at\u00e9 esta segunda"},"content":{"rendered":"\n<figure class=\"wp-block-image\"><img decoding=\"async\" data-src=\"https:\/\/thumbor.clickpb.com.br\/i876blx_MwCF6eQ30JOboIMn5ys=\/876x585\/top\/smart\/www.clickpb.com.br\/media\/filer_public\/7e\/76\/7e764a9a-d252-4a80-8980-d32f4b3a2c48\/mascara_de_tecido.jpg\" alt=\"\" src=\"data:image\/svg+xml;base64,PHN2ZyB3aWR0aD0iMSIgaGVpZ2h0PSIxIiB4bWxucz0iaHR0cDovL3d3dy53My5vcmcvMjAwMC9zdmciPjwvc3ZnPg==\" class=\"lazyload\" \/><\/figure>\n\n\n\n<p>As empresas do setor t\u00eaxtil que querem fornecer m\u00e1scaras de tecido reutiliz\u00e1vel para o estado da Para\u00edba devem enviar a&nbsp;apresenta\u00e7\u00e3o de propostas e documentos, at\u00e9 esta segunda-feira (27). De acordo com o&nbsp;edital que foi publicado em car\u00e1ter emergencial,&nbsp;as m\u00e1scaras ser\u00e3o distribu\u00eddas com a popula\u00e7\u00e3o em situa\u00e7\u00e3o de vulnerabilidade social e econ\u00f4mica e com os servidores p\u00fablicos das \u00e1reas administrativas, com a finalidade de efetivar as a\u00e7\u00f5es de vigil\u00e2ncia em Sa\u00fade com foco na preven\u00e7\u00e3o e redu\u00e7\u00e3o de cont\u00e1gio pela Covid-19.&nbsp;<\/p>\n\n\n\n<p>O edital prev\u00ea a aquisi\u00e7\u00e3o de 1.369.860 de m\u00e1scaras para a macrorregi\u00e3o de Sa\u00fade de Jo\u00e3o Pessoa, sendo 1.307.712&nbsp; para benefici\u00e1rios do Bolsa Fam\u00edlia e 62.148 para os servidores p\u00fablicos do Estado que recebem at\u00e9 dois sal\u00e1rios m\u00ednimos; 806.802 para a macrorregi\u00e3o de Sa\u00fade de Campina Grande; e 798.504 para as macrorregi\u00f5es de Sa\u00fade de Patos e Sousa, totalizando a compra de 2.975.166 m\u00e1scaras. Todas as exig\u00eancias sobre o material a ser utilizado para a confec\u00e7\u00e3o das m\u00e1scaras&nbsp;<a href=\"https:\/\/www.clickpb.com.br\/media\/filer_public\/ef\/31\/ef318c06-e7e1-423e-abc7-04d93f5b6b95\/diario_oficial_21-04-2020_total.pdf\">est\u00e3o dispon\u00edveis no DOE.<\/a>&nbsp;<\/p>\n\n\n\n<p>As propostas dever\u00e3o ser enviadas para o e-mail da&nbsp;sespb.nucleodecompras2@gmail.com , j\u00e1 devendo constar o valor unit\u00e1rio e total para os itens propostos, j\u00e1 considerados e inclusos todos os tributos, fretes, tarifas e despesas decorrentes de sua execu\u00e7\u00e3o.&nbsp;<\/p>\n\n\n\n<p>Poder\u00e3o participar do processo de aquisi\u00e7\u00e3o qualquer pessoa jur\u00eddica e microempreendedor individual id\u00f4neo, cuja natureza seja compat\u00edvel com o objeto do edital de chamada p\u00fablica e atenda as exig\u00eancias nele contidas, al\u00e9m de dispor de espa\u00e7o higienizado e com equipamento de produ\u00e7\u00e3o individual para os colaboradores que ir\u00e3o produzir m\u00e1scaras. O microempreendedor individual, microempresa e empresa de pequeno porte ter\u00e3o a prefer\u00eancia de contrata\u00e7\u00e3o, num percentual de at\u00e9 25% de cada item.&nbsp;<\/p>\n","protected":false},"excerpt":{"rendered":"<p>As empresas do setor t\u00eaxtil que querem fornecer m\u00e1scaras de tecido reutiliz\u00e1vel para o estado da Para\u00edba devem enviar a&nbsp;apresenta\u00e7\u00e3o de propostas e documentos, at\u00e9&hellip; <\/p>\n","protected":false},"author":2,"featured_media":164969,"comment_status":"closed","ping_status":"closed","sticky":false,"template":"","format":"standard","meta":{"sfsi_plus_gutenberg_text_before_share":"","sfsi_plus_gutenberg_show_text_before_share":"","sfsi_plus_gutenberg_icon_type":"","sfsi_plus_gutenberg_icon_alignemt":"","sfsi_plus_gutenburg_max_per_row":"","footnotes":""},"categories":[50,2],"tags":[],"class_list":["post-166015","post","type-post","status-publish","format-standard","has-post-thumbnail","hentry","category-destaque","category-geral"],"_links":{"self":[{"href":"https:\/\/www.caririemacao.com\/1\/wp-json\/wp\/v2\/posts\/166015","targetHints":{"allow":["GET"]}}],"collection":[{"href":"https:\/\/www.caririemacao.com\/1\/wp-json\/wp\/v2\/posts"}],"about":[{"href":"https:\/\/www.caririemacao.com\/1\/wp-json\/wp\/v2\/types\/post"}],"author":[{"embeddable":true,"href":"https:\/\/www.caririemacao.com\/1\/wp-json\/wp\/v2\/users\/2"}],"replies":[{"embeddable":true,"href":"https:\/\/www.caririemacao.com\/1\/wp-json\/wp\/v2\/comments?post=166015"}],"version-history":[{"count":1,"href":"https:\/\/www.caririemacao.com\/1\/wp-json\/wp\/v2\/posts\/166015\/revisions"}],"predecessor-version":[{"id":166017,"href":"https:\/\/www.caririemacao.com\/1\/wp-json\/wp\/v2\/posts\/166015\/revisions\/166017"}],"wp:featuredmedia":[{"embeddable":true,"href":"https:\/\/www.caririemacao.com\/1\/wp-json\/wp\/v2\/media\/164969"}],"wp:attachment":[{"href":"https:\/\/www.caririemacao.com\/1\/wp-json\/wp\/v2\/media?parent=166015"}],"wp:term":[{"taxonomy":"category","embeddable":true,"href":"https:\/\/www.caririemacao.com\/1\/wp-json\/wp\/v2\/categories?post=166015"},{"taxonomy":"post_tag","embeddable":true,"href":"https:\/\/www.caririemacao.com\/1\/wp-json\/wp\/v2\/tags?post=166015"}],"curies":[{"name":"wp","href":"https:\/\/api.w.org\/{rel}","templated":true}]}}