{"id":166022,"date":"2020-04-27T09:46:30","date_gmt":"2020-04-27T12:46:30","guid":{"rendered":"https:\/\/www.caririemacao.com\/1\/?p=166022"},"modified":"2020-04-27T09:46:30","modified_gmt":"2020-04-27T12:46:30","slug":"e-dai-indaga-bolsonaro-em-resposta-a-comentario-sobre-indicacao-de-amigo-do-filho-a-pf","status":"publish","type":"post","link":"https:\/\/www.caririemacao.com\/1\/2020\/04\/27\/e-dai-indaga-bolsonaro-em-resposta-a-comentario-sobre-indicacao-de-amigo-do-filho-a-pf\/","title":{"rendered":"&#8216;E da\u00ed?&#8217;, indaga Bolsonaro em resposta a coment\u00e1rio sobre indica\u00e7\u00e3o de amigo do filho \u00e0 PF"},"content":{"rendered":"\n<p>O presidente Jair Bolsonaro respondeu com &#8220;e da\u00ed?&#8221; a uma usu\u00e1ria que afirmou, em uma rede social neste domingo (26), que Alexandre Ramagem, prov\u00e1vel novo diretor-geral da Pol\u00edcia Federal, \u00e9 amigo dos filhos de Bolsonaro.<\/p>\n\n\n\n<p>A usu\u00e1ria escreveu: &#8220;Alexandre Ramagem \u00e9 amigo dos filhos do presidente. Inclusive, foi indicado [para a Pol\u00edcia Federal] por eles&#8221;.<\/p>\n\n\n\n<p>O presidente, ent\u00e3o, respondeu a ela: &#8220;E da\u00ed? Antes de conhecer os meus filhos eu conheci o Ramagem. Por isso deve ser vetado? Devo escolher algu\u00e9m amigo de quem?&#8221;, indagou o presidente.<\/p>\n\n\n\n<p>O comando da Pol\u00edcia Federal foi o motivo do pedido de demiss\u00e3o do ex-ministro da Justi\u00e7a Sergio Moro, na \u00faltima sexta-feira (24). Depois de um ano e quatro meses, Moro deixou a pasta e disse que o presidente Jair Bolsonaro tentava interferir politicamente na PF, \u00f3rg\u00e3o ligado ao Minist\u00e9rio da Justi\u00e7a.<\/p>\n\n\n\n<p>Na sexta-feira, Moro exibiu \u00e0 TV Globo reprodu\u00e7\u00e3o de conversa que teve com Bolsonaro, na qual o presidente sugere troca no comando da PF em raz\u00e3o de investiga\u00e7\u00f5es que envolvem aliados do chefe do Executivo.<\/p>\n\n\n\n<p>Neste domingo, em uma rede social, Bolsonaro disse que Moro &#8220;mentiu&#8221; sobre a inger\u00eancia pol\u00edtica na Pol\u00edcia Federal e disse n\u00e3o ter trocado nenhum superintendente do \u00f3rg\u00e3o.<\/p>\n\n\n\n<p>Ap\u00f3s Moro pedir demiss\u00e3o do Minist\u00e9rio da Justi\u00e7a, o ministro do Supremo Tribunal Federal (STF) Alexandre de Moraes determinou que a Pol\u00edcia Federal mantenha, em seus postos, os delegados que investigam poss\u00edvel esquema il\u00edcito de divulga\u00e7\u00e3o de fake news e financiamento de pautas antidemocr\u00e1ticas.<\/p>\n\n\n\n<p><strong>Amizade<\/strong><\/p>\n\n\n\n<p>Na Pol\u00edcia Federal desde 2005, Alexandre Ramagem chefiou a equipe de seguran\u00e7a de Jair Bolsonaro na campanha eleitoral de 2018 e, desde ent\u00e3o, se tornou amigo pr\u00f3ximo da fam\u00edlia do presidente.<\/p>\n\n\n\n<p>No r\u00e9veillon de 2019, Ramagem foi fotografado ao lado de Carlos Bolsonaro, filho do presidente, durante a comemora\u00e7\u00e3o.<\/p>\n\n\n\n<p>Em 2019, Ramagem foi assessor na Secretaria de Governo e, em julho, o delegado foi escolhido por Bolsonaro para ser diretor da Ag\u00eancia Brasileira de Intelig\u00eancia (Abin).<\/p>\n\n\n\n<p>Outro amigo da fam\u00edlia Bolsonaro, o atual ministro da Secretaria-Geral da Presid\u00eancia, Jorge Oliveira, deve ser indicado para a vaga de Moro no Minist\u00e9rio da Justi\u00e7a.<\/p>\n","protected":false},"excerpt":{"rendered":"<p>O presidente Jair Bolsonaro respondeu com &#8220;e da\u00ed?&#8221; a uma usu\u00e1ria que afirmou, em uma rede social neste domingo (26), que Alexandre Ramagem, prov\u00e1vel novo&hellip; <\/p>\n","protected":false},"author":2,"featured_media":166023,"comment_status":"closed","ping_status":"closed","sticky":false,"template":"","format":"standard","meta":{"sfsi_plus_gutenberg_text_before_share":"","sfsi_plus_gutenberg_show_text_before_share":"","sfsi_plus_gutenberg_icon_type":"","sfsi_plus_gutenberg_icon_alignemt":"","sfsi_plus_gutenburg_max_per_row":"","footnotes":""},"categories":[11],"tags":[],"class_list":["post-166022","post","type-post","status-publish","format-standard","has-post-thumbnail","hentry","category-politica"],"_links":{"self":[{"href":"https:\/\/www.caririemacao.com\/1\/wp-json\/wp\/v2\/posts\/166022","targetHints":{"allow":["GET"]}}],"collection":[{"href":"https:\/\/www.caririemacao.com\/1\/wp-json\/wp\/v2\/posts"}],"about":[{"href":"https:\/\/www.caririemacao.com\/1\/wp-json\/wp\/v2\/types\/post"}],"author":[{"embeddable":true,"href":"https:\/\/www.caririemacao.com\/1\/wp-json\/wp\/v2\/users\/2"}],"replies":[{"embeddable":true,"href":"https:\/\/www.caririemacao.com\/1\/wp-json\/wp\/v2\/comments?post=166022"}],"version-history":[{"count":1,"href":"https:\/\/www.caririemacao.com\/1\/wp-json\/wp\/v2\/posts\/166022\/revisions"}],"predecessor-version":[{"id":166024,"href":"https:\/\/www.caririemacao.com\/1\/wp-json\/wp\/v2\/posts\/166022\/revisions\/166024"}],"wp:featuredmedia":[{"embeddable":true,"href":"https:\/\/www.caririemacao.com\/1\/wp-json\/wp\/v2\/media\/166023"}],"wp:attachment":[{"href":"https:\/\/www.caririemacao.com\/1\/wp-json\/wp\/v2\/media?parent=166022"}],"wp:term":[{"taxonomy":"category","embeddable":true,"href":"https:\/\/www.caririemacao.com\/1\/wp-json\/wp\/v2\/categories?post=166022"},{"taxonomy":"post_tag","embeddable":true,"href":"https:\/\/www.caririemacao.com\/1\/wp-json\/wp\/v2\/tags?post=166022"}],"curies":[{"name":"wp","href":"https:\/\/api.w.org\/{rel}","templated":true}]}}