{"id":166026,"date":"2020-04-27T09:50:38","date_gmt":"2020-04-27T12:50:38","guid":{"rendered":"https:\/\/www.caririemacao.com\/1\/?p=166026"},"modified":"2020-04-27T09:50:38","modified_gmt":"2020-04-27T12:50:38","slug":"papa-francisco-telefona-para-se-informar-sobre-pandemia-no-brasil","status":"publish","type":"post","link":"https:\/\/www.caririemacao.com\/1\/2020\/04\/27\/papa-francisco-telefona-para-se-informar-sobre-pandemia-no-brasil\/","title":{"rendered":"Papa Francisco telefona para se informar sobre pandemia no Brasil"},"content":{"rendered":"\n<p><\/p>\n\n\n\n<p>O papa Francisco telefonou na tarde deste s\u00e1bado (25) para o arcebispo de Manaus, dom Leonardo Steiner. O sumo pont\u00edfice perguntou sobre a situa\u00e7\u00e3o da cidade e manifestou preocupa\u00e7\u00e3o com os povos ind\u00edgenas, tradicionais e pobres, segundo comunicado da Arquidiocese de Manaus.<\/p>\n\n\n\n<p>Segundo monitoramento di\u00e1rio da Covid-19 feito pela Repam (Rede Eclesi\u00e1stica Pan-Amaz\u00f4nica), a regi\u00e3o de Manaus \u00e9 a que mais sofre com a pandemia entre todas as cidades da Amaz\u00f4nia, incluindo munic\u00edpios de nove pa\u00edses, entre os quais Col\u00f4mbia, Peru, Venezuela, Equador e Bol\u00edvia.<\/p>\n\n\n\n<p>\u201cO arcebispo agradeceu as palavras de conforto e consolo, apresentando ao papa o que a arquidiocese tem feito no cuidado dos irm\u00e3os e irm\u00e3s que vivem nas nossas ruas, na distribui\u00e7\u00e3o de cestas b\u00e1sicas, na aten\u00e7\u00e3o \u00e0s pessoas que sofrem, no atendimento aos migrantes\u201d, diz a nota. \u201cLembrou que, neste s\u00e1bado, as chuvas trouxeram ainda mais sofrimento \u00e0s nossas periferias.\u201d<\/p>\n\n\n\n<p>\u201cO papa, no final, agradeceu mais uma vez e afirmou que reza por todos n\u00f3s e que enviava uma b\u00ean\u00e7\u00e3o especial para a Amaz\u00f4nia\u201d, afirmou dom Leonardo, sempre de acordo com o comunicado. \u201cSomos profundamente agradecidos ao papa Francisco pelo seu gesto paterno-eclesial.\u201d<\/p>\n\n\n\n<p>Manaus foi a primeira cidade do pa\u00eds com o sistema de sa\u00fade colapsado por causa do novo coronav\u00edrus. A rede p\u00fablica est\u00e1 com os leitos de UTI ocupados, e o maior cemit\u00e9rio da cidade passou a enterrar v\u00edtimas da Covid-19 em valas comuns, por causa da alta demanda. Ambul\u00e2ncias do Samu levam at\u00e9 3h para conseguir uma vaga para pacientes transportados.<\/p>\n\n\n\n<p>O estado do Amazonas registra a maior incid\u00eancia do novo coronav\u00edrus do pa\u00eds. S\u00e3o 3.635 casos confirmados no estado, com 287 mortos. Os pacientes recuperados somam 1.089 pessoas.<\/p>\n\n\n\n<p>A Amaz\u00f4nia \u00e9 considerada uma das prioridades do pontificado de Francisco. No ano passado, o Vaticano sediou um s\u00ednodo in\u00e9dito sobre a regi\u00e3o, com o objetivo de fortalecer a presen\u00e7a da Igreja Cat\u00f3lica entre os povos ind\u00edgenas e tradicionais.<\/p>\n","protected":false},"excerpt":{"rendered":"<p>O papa Francisco telefonou na tarde deste s\u00e1bado (25) para o arcebispo de Manaus, dom Leonardo Steiner. O sumo pont\u00edfice perguntou sobre a situa\u00e7\u00e3o da&hellip; <\/p>\n","protected":false},"author":2,"featured_media":126119,"comment_status":"closed","ping_status":"closed","sticky":false,"template":"","format":"standard","meta":{"sfsi_plus_gutenberg_text_before_share":"","sfsi_plus_gutenberg_show_text_before_share":"","sfsi_plus_gutenberg_icon_type":"","sfsi_plus_gutenberg_icon_alignemt":"","sfsi_plus_gutenburg_max_per_row":"","footnotes":""},"categories":[2],"tags":[],"class_list":["post-166026","post","type-post","status-publish","format-standard","has-post-thumbnail","hentry","category-geral"],"_links":{"self":[{"href":"https:\/\/www.caririemacao.com\/1\/wp-json\/wp\/v2\/posts\/166026","targetHints":{"allow":["GET"]}}],"collection":[{"href":"https:\/\/www.caririemacao.com\/1\/wp-json\/wp\/v2\/posts"}],"about":[{"href":"https:\/\/www.caririemacao.com\/1\/wp-json\/wp\/v2\/types\/post"}],"author":[{"embeddable":true,"href":"https:\/\/www.caririemacao.com\/1\/wp-json\/wp\/v2\/users\/2"}],"replies":[{"embeddable":true,"href":"https:\/\/www.caririemacao.com\/1\/wp-json\/wp\/v2\/comments?post=166026"}],"version-history":[{"count":1,"href":"https:\/\/www.caririemacao.com\/1\/wp-json\/wp\/v2\/posts\/166026\/revisions"}],"predecessor-version":[{"id":166027,"href":"https:\/\/www.caririemacao.com\/1\/wp-json\/wp\/v2\/posts\/166026\/revisions\/166027"}],"wp:featuredmedia":[{"embeddable":true,"href":"https:\/\/www.caririemacao.com\/1\/wp-json\/wp\/v2\/media\/126119"}],"wp:attachment":[{"href":"https:\/\/www.caririemacao.com\/1\/wp-json\/wp\/v2\/media?parent=166026"}],"wp:term":[{"taxonomy":"category","embeddable":true,"href":"https:\/\/www.caririemacao.com\/1\/wp-json\/wp\/v2\/categories?post=166026"},{"taxonomy":"post_tag","embeddable":true,"href":"https:\/\/www.caririemacao.com\/1\/wp-json\/wp\/v2\/tags?post=166026"}],"curies":[{"name":"wp","href":"https:\/\/api.w.org\/{rel}","templated":true}]}}