{"id":166030,"date":"2020-04-27T09:55:23","date_gmt":"2020-04-27T12:55:23","guid":{"rendered":"https:\/\/www.caririemacao.com\/1\/?p=166030"},"modified":"2020-04-27T09:55:23","modified_gmt":"2020-04-27T12:55:23","slug":"boqueirao-tem-primeira-morte-de-paciente-com-covid-19","status":"publish","type":"post","link":"https:\/\/www.caririemacao.com\/1\/2020\/04\/27\/boqueirao-tem-primeira-morte-de-paciente-com-covid-19\/","title":{"rendered":"Boqueir\u00e3o tem primeira morte de paciente com Covid-19"},"content":{"rendered":"\n<p>A prefeitura de Boqueir\u00e3o atrav\u00e9s da Secretaria Municipal de Sa\u00fade confirmou no neste domingo(26), o primeiro \u00f3bito pelo Covid-19 (novo coronav\u00edrus) no munic\u00edpio.<\/p>\n\n\n\n<p>O paciente veio a \u00f3bito no in\u00edcio da noite deste domingo e estava internado Unidade de Pronto-Atendimento (UPA) de Campina Grande.<\/p>\n\n\n\n<p>O homem recentemente testou positivo para o coronav\u00edrus e veio a \u00f3bito ap\u00f3s o seu quadro cl\u00ednico piorar. Ele possu\u00eda outras comorbidades.<\/p>\n\n\n\n<p>A Prefeitura de Boqueir\u00e3o, atrav\u00e9s de sua p\u00e1gina oficial lamentou o acontecido. A equipe da UPA ficou responsabilizada de informar a fam\u00edlia e as devidas orienta\u00e7\u00f5es para o sepultamento.<\/p>\n\n\n\n<p><strong>De Olho no Cariri<\/strong><\/p>\n","protected":false},"excerpt":{"rendered":"<p>A prefeitura de Boqueir\u00e3o atrav\u00e9s da Secretaria Municipal de Sa\u00fade confirmou no neste domingo(26), o primeiro \u00f3bito pelo Covid-19 (novo coronav\u00edrus) no munic\u00edpio. O paciente&hellip; <\/p>\n","protected":false},"author":2,"featured_media":166031,"comment_status":"closed","ping_status":"closed","sticky":false,"template":"","format":"standard","meta":{"sfsi_plus_gutenberg_text_before_share":"","sfsi_plus_gutenberg_show_text_before_share":"","sfsi_plus_gutenberg_icon_type":"","sfsi_plus_gutenberg_icon_alignemt":"","sfsi_plus_gutenburg_max_per_row":"","footnotes":""},"categories":[6],"tags":[],"class_list":["post-166030","post","type-post","status-publish","format-standard","has-post-thumbnail","hentry","category-cidades"],"_links":{"self":[{"href":"https:\/\/www.caririemacao.com\/1\/wp-json\/wp\/v2\/posts\/166030","targetHints":{"allow":["GET"]}}],"collection":[{"href":"https:\/\/www.caririemacao.com\/1\/wp-json\/wp\/v2\/posts"}],"about":[{"href":"https:\/\/www.caririemacao.com\/1\/wp-json\/wp\/v2\/types\/post"}],"author":[{"embeddable":true,"href":"https:\/\/www.caririemacao.com\/1\/wp-json\/wp\/v2\/users\/2"}],"replies":[{"embeddable":true,"href":"https:\/\/www.caririemacao.com\/1\/wp-json\/wp\/v2\/comments?post=166030"}],"version-history":[{"count":1,"href":"https:\/\/www.caririemacao.com\/1\/wp-json\/wp\/v2\/posts\/166030\/revisions"}],"predecessor-version":[{"id":166032,"href":"https:\/\/www.caririemacao.com\/1\/wp-json\/wp\/v2\/posts\/166030\/revisions\/166032"}],"wp:featuredmedia":[{"embeddable":true,"href":"https:\/\/www.caririemacao.com\/1\/wp-json\/wp\/v2\/media\/166031"}],"wp:attachment":[{"href":"https:\/\/www.caririemacao.com\/1\/wp-json\/wp\/v2\/media?parent=166030"}],"wp:term":[{"taxonomy":"category","embeddable":true,"href":"https:\/\/www.caririemacao.com\/1\/wp-json\/wp\/v2\/categories?post=166030"},{"taxonomy":"post_tag","embeddable":true,"href":"https:\/\/www.caririemacao.com\/1\/wp-json\/wp\/v2\/tags?post=166030"}],"curies":[{"name":"wp","href":"https:\/\/api.w.org\/{rel}","templated":true}]}}