{"id":166034,"date":"2020-04-27T09:58:56","date_gmt":"2020-04-27T12:58:56","guid":{"rendered":"https:\/\/www.caririemacao.com\/1\/?p=166034"},"modified":"2020-04-27T09:58:56","modified_gmt":"2020-04-27T12:58:56","slug":"mais-uma-estrada-do-anel-do-cariri-apresenta-cratera-e-preocupa-moradores","status":"publish","type":"post","link":"https:\/\/www.caririemacao.com\/1\/2020\/04\/27\/mais-uma-estrada-do-anel-do-cariri-apresenta-cratera-e-preocupa-moradores\/","title":{"rendered":"Mais uma estrada do Anel do Cariri apresenta cratera e preocupa moradores"},"content":{"rendered":"\n<div class=\"wp-block-image\"><figure class=\"aligncenter\"><img decoding=\"async\" data-src=\"http:\/\/deolhonocariri.com.br\/wp-content\/uploads\/2020\/04\/95079527_2550587941882428_397026364525379584_n.jpg\" alt=\"\" class=\"wp-image-81393 lazyload\" src=\"data:image\/svg+xml;base64,PHN2ZyB3aWR0aD0iMSIgaGVpZ2h0PSIxIiB4bWxucz0iaHR0cDovL3d3dy53My5vcmcvMjAwMC9zdmciPjwvc3ZnPg==\" \/><\/figure><\/div>\n\n\n\n<p>Ap\u00f3s as fortes chuvas ca\u00eddas na regi\u00e3o do Cariri paraibano, as rodovias vem se tornando um perigo para os condutores de ve\u00edculos que trafegam diariamente pela nossa regi\u00e3o.<\/p>\n\n\n\n<p>Outra estrada do Cariri que foi deteriorada e acabou apresentando uma grande cratera foi a PB-264, que liga os munic\u00edpios de S\u00e3o Sebasti\u00e3o do Umbuzeiro a Zabel\u00ea.<\/p>\n\n\n\n<div class=\"wp-block-image\"><figure class=\"aligncenter\"><img decoding=\"async\" data-src=\"http:\/\/deolhonocariri.com.br\/wp-content\/uploads\/2020\/04\/94259867_3996767667030442_3244912405616001024_n.jpg\" alt=\"\" class=\"wp-image-81394 lazyload\" src=\"data:image\/svg+xml;base64,PHN2ZyB3aWR0aD0iMSIgaGVpZ2h0PSIxIiB4bWxucz0iaHR0cDovL3d3dy53My5vcmcvMjAwMC9zdmciPjwvc3ZnPg==\" \/><\/figure><\/div>\n\n\n\n<div class=\"wp-block-image\"><figure class=\"aligncenter\"><img decoding=\"async\" data-src=\"http:\/\/deolhonocariri.com.br\/wp-content\/uploads\/2020\/04\/94480668_3996767857030423_4342659102481055744_n.jpg\" alt=\"\" class=\"wp-image-81395 lazyload\" src=\"data:image\/svg+xml;base64,PHN2ZyB3aWR0aD0iMSIgaGVpZ2h0PSIxIiB4bWxucz0iaHR0cDovL3d3dy53My5vcmcvMjAwMC9zdmciPjwvc3ZnPg==\" \/><\/figure><\/div>\n\n\n\n<p><br>Conforme as chuvas foram caindo, o buraco na pista foi aumentando gradativamente e neste s\u00e1bado(25) uma cratera j\u00e1 \u00e9 visivelmente exposta na rodovia, estando localizada precisamente antes da conhecida ponte Benevides.<\/p>\n\n\n\n<p>Informa\u00e7\u00f5es chegadas ao Portal De Olho no Cariri \u00e9 que alguns populares que trafegaram pela rodovia neste s\u00e1bado (25) foram surpreendidos pelo buraco na pista e por pouco n\u00e3o sofreram um acidente.<\/p>\n\n\n\n<p>As autoridades da regi\u00e3o pedem que provid\u00eancias sejam tomadas pelos \u00f3rg\u00e3os competentes do Estado.<\/p>\n\n\n\n<p>A rodovia PB-264 faz parte do \u2018Anel do Cariri\u2019 e foi inaugurada no dia 09 de setembro de 2013.<\/p>\n\n\n\n<p><strong>De Olho no Cariri<\/strong><\/p>\n","protected":false},"excerpt":{"rendered":"<p>Ap\u00f3s as fortes chuvas ca\u00eddas na regi\u00e3o do Cariri paraibano, as rodovias vem se tornando um perigo para os condutores de ve\u00edculos que trafegam diariamente&hellip; <\/p>\n","protected":false},"author":2,"featured_media":166036,"comment_status":"closed","ping_status":"closed","sticky":false,"template":"","format":"standard","meta":{"sfsi_plus_gutenberg_text_before_share":"","sfsi_plus_gutenberg_show_text_before_share":"","sfsi_plus_gutenberg_icon_type":"","sfsi_plus_gutenberg_icon_alignemt":"","sfsi_plus_gutenburg_max_per_row":"","footnotes":""},"categories":[6],"tags":[],"class_list":["post-166034","post","type-post","status-publish","format-standard","has-post-thumbnail","hentry","category-cidades"],"_links":{"self":[{"href":"https:\/\/www.caririemacao.com\/1\/wp-json\/wp\/v2\/posts\/166034","targetHints":{"allow":["GET"]}}],"collection":[{"href":"https:\/\/www.caririemacao.com\/1\/wp-json\/wp\/v2\/posts"}],"about":[{"href":"https:\/\/www.caririemacao.com\/1\/wp-json\/wp\/v2\/types\/post"}],"author":[{"embeddable":true,"href":"https:\/\/www.caririemacao.com\/1\/wp-json\/wp\/v2\/users\/2"}],"replies":[{"embeddable":true,"href":"https:\/\/www.caririemacao.com\/1\/wp-json\/wp\/v2\/comments?post=166034"}],"version-history":[{"count":1,"href":"https:\/\/www.caririemacao.com\/1\/wp-json\/wp\/v2\/posts\/166034\/revisions"}],"predecessor-version":[{"id":166037,"href":"https:\/\/www.caririemacao.com\/1\/wp-json\/wp\/v2\/posts\/166034\/revisions\/166037"}],"wp:featuredmedia":[{"embeddable":true,"href":"https:\/\/www.caririemacao.com\/1\/wp-json\/wp\/v2\/media\/166036"}],"wp:attachment":[{"href":"https:\/\/www.caririemacao.com\/1\/wp-json\/wp\/v2\/media?parent=166034"}],"wp:term":[{"taxonomy":"category","embeddable":true,"href":"https:\/\/www.caririemacao.com\/1\/wp-json\/wp\/v2\/categories?post=166034"},{"taxonomy":"post_tag","embeddable":true,"href":"https:\/\/www.caririemacao.com\/1\/wp-json\/wp\/v2\/tags?post=166034"}],"curies":[{"name":"wp","href":"https:\/\/api.w.org\/{rel}","templated":true}]}}