{"id":166035,"date":"2020-04-27T10:02:05","date_gmt":"2020-04-27T13:02:05","guid":{"rendered":"https:\/\/www.caririemacao.com\/1\/?p=166035"},"modified":"2020-04-27T10:02:05","modified_gmt":"2020-04-27T13:02:05","slug":"manaus-tenta-aviao-para-reabastecer-estoque-de-caixoes-que-so-dura-mais-cinco-dias","status":"publish","type":"post","link":"https:\/\/www.caririemacao.com\/1\/2020\/04\/27\/manaus-tenta-aviao-para-reabastecer-estoque-de-caixoes-que-so-dura-mais-cinco-dias\/","title":{"rendered":"Manaus tenta avi\u00e3o para reabastecer estoque de caix\u00f5es, que s\u00f3 dura mais cinco dias"},"content":{"rendered":"\n<p>O come\u00e7o desta semana ser\u00e1 decisivo para\u00a0<strong>Manaus<\/strong>. Ap\u00f3s completar sete dias seguidos com mais de 100 \u00f3bitos por dia, a capital do\u00a0<strong>Amazonas<\/strong>\u00a0v\u00ea o\u00a0<a rel=\"noreferrer noopener\" href=\"https:\/\/oglobo.globo.com\/sociedade\/coronavirus\/em-colapso-pelo-coronavirus-manaus-enterra-1249-em-duas-semanas-ja-teme-falta-de-caixoes-24388568\" target=\"_blank\">colapso no sistema funer\u00e1rio<\/a>\u00a0se intensificar. E o prazo para evitar que faltem caix\u00f5es para os mortos fica ainda mais apertado.<\/p>\n\n\n\n<p>Na \u00faltima sexta, o sindicato das empresas funer\u00e1rias do Estado do Amazonas alertou para o fato de que o estoque de caix\u00f5es s\u00f3 seria capaz de atender a alta demanda provocada pelo&nbsp;<strong>coronav\u00edrus<\/strong>&nbsp;por mais dez dias. No entanto, com cerca de 600 urnas ainda \u00e0 disposi\u00e7\u00e3o, o presidente da entidade Manuel Viana se viu obrigado a rever esta conta.<\/p>\n\n\n\n<p>&#8211; N\u00f3s temos entre 500 e 600 caix\u00f5es no estoque. Com mais de cem enterros di\u00e1rios, n\u00e3o vai durar mais do que cinco dias.<\/p>\n\n\n\n<p>Com a situa\u00e7\u00e3o cada vez mais dram\u00e1tica, duas frentes de negocia\u00e7\u00e3o s\u00e3o a esperan\u00e7a do setor. Numa delas, a Associa\u00e7\u00e3o Brasileira de Empresas e Diretores do Setor Funer\u00e1rio (Abredif) negocia com o Governo Federal a cess\u00e3o de um ou mais avi\u00f5es cargueiros para transportar 2 mil caix\u00f5es de Campinas para Manaus. Neste domingo, em resposta a um contato da Secretaria Especial de Articula\u00e7\u00e3o Social, a entidade encaminhou um of\u00edcio no qual detalha a quantidade e as dimens\u00f5es das urnas. Agora, aguarda por uma resposta urgente.<\/p>\n\n\n\n<p>&#8211; Se esta opera\u00e7\u00e3o n\u00e3o for poss\u00edvel, temos que enviar as urnas por caminh\u00e3o no m\u00e1ximo na ter\u00e7a-feira. E ainda assim n\u00e3o chegar\u00e3o a tempo. Porque o caminh\u00e3o leva 11 dias para chegar a Manaus &#8211; conta Lourival Panhozzi, presidente da Abredif.<\/p>\n\n\n\n<p>Em outra tentativa, Manuel Viana busca uma ajuda do Acre. Segundo ele, membros do governo estadual tentam disponibilizar um avi\u00e3o para buscar as urnas funer\u00e1rias em Campinas.<\/p>\n\n\n\n<h2 class=\"wp-block-heading\">40 enterros na fila de espera<\/h2>\n\n\n\n<p>A falta de caix\u00f5es j\u00e1 n\u00e3o \u00e9 o \u00fanico sintoma do caos funer\u00e1rio na capital do Amazonas. Com a alta demanda por sepultamentos, a for\u00e7a de trabalho atual j\u00e1 d\u00e1 sinais de esgotamento. E o servi\u00e7o se acumula. De acordo com Viana, o cemit\u00e9rio do Tarum\u00e3 abrir\u00e1 nesta segunda com uma fila de 40 enterros. A espera irrita os parentes, que j\u00e1 vem de um processo desgastante para obter a libera\u00e7\u00e3o dos corpos dos hospitais.<\/p>\n\n\n\n<p>&#8211; \u00c9 como se voc\u00ea tivesse uma loja com estrutura para atender tr\u00eas pessoas por vez. E de repente essa demanda aumenta. Os funcion\u00e1rios come\u00e7am a cansar &#8211; compara.<\/p>\n\n\n\n<p>Um epis\u00f3dio ocorrido neste domingo ilustra bem como a situa\u00e7\u00e3o saiu do controle. Cansada de aguardar o sepultamento, uma fam\u00edlia solicitou ao motorista do carro funer\u00e1rio que levasse o cad\u00e1ver at\u00e9 a cova. Como ainda n\u00e3o estava na vez deles, n\u00e3o havia fiscal e nem coveiros. Irritados, decidiram enterrar&nbsp;<strong>por conta pr\u00f3pria<\/strong>&nbsp;o parente.<\/p>\n\n\n\n<h2 class=\"wp-block-heading\">Vala comum em tr\u00eas andares<\/h2>\n\n\n\n<p>Para tentar solucionar ou ao menos minimizar o caos, a Prefeitura de Manaus adotou duas medidas. Uma delas \u00e9 a disponibiliza\u00e7\u00e3o de crema\u00e7\u00e3o gratuita. O servi\u00e7o est\u00e1 dispon\u00edvel desde s\u00e1bado. Mas, como n\u00e3o n\u00e3o h\u00e1 esse h\u00e1bito na cidade e a informa\u00e7\u00e3o ainda n\u00e3o chegou ao conhecimento de todos, a ades\u00e3o ainda \u00e9 \u00ednfima. No primeiro dia, apenas quatro corpos foram cremados. As fam\u00edlias que aceitam s\u00e3o convencidas no momento em que tentam dar entrada no processo de sepultamento.<\/p>\n\n\n\n<p>Outra medida ter\u00e1 in\u00edcio nesta segunda, quando os enterros passar\u00e3o a ocorrer em camadas triplas. As trincheiras, como s\u00e3o chamadas as valas comuns, passar\u00e3o a ser mais profundas de modo que caibam tr\u00eas fileiras de caix\u00f5es uma sobre a outra.<\/p>\n\n\n\n<p>Todo este cen\u00e1rio \u00e9 decorrente da enorme quantidade de sepultamentos di\u00e1rios. Na \u00faltima semana, foram 847 sepultamentos de acordo com a prefeitura. A m\u00e9dia \u00e9 de 121 a cada 24 horas. Destes, no entanto, apenas 57 tiveram a Covid-19 como causa da morte. Uma diferen\u00e7a que mostra o tamanho da subnotifica\u00e7\u00e3o no\u00a0 Estado do Amazonas.<\/p>\n\n\n\n<p>Com o Globo<\/p>\n","protected":false},"excerpt":{"rendered":"<p>O come\u00e7o desta semana ser\u00e1 decisivo para\u00a0Manaus. Ap\u00f3s completar sete dias seguidos com mais de 100 \u00f3bitos por dia, a capital do\u00a0Amazonas\u00a0v\u00ea o\u00a0colapso no sistema&hellip; <\/p>\n","protected":false},"author":1,"featured_media":166039,"comment_status":"closed","ping_status":"closed","sticky":false,"template":"","format":"standard","meta":{"sfsi_plus_gutenberg_text_before_share":"","sfsi_plus_gutenberg_show_text_before_share":"","sfsi_plus_gutenberg_icon_type":"","sfsi_plus_gutenberg_icon_alignemt":"","sfsi_plus_gutenburg_max_per_row":"","footnotes":""},"categories":[50],"tags":[],"class_list":["post-166035","post","type-post","status-publish","format-standard","has-post-thumbnail","hentry","category-destaque"],"_links":{"self":[{"href":"https:\/\/www.caririemacao.com\/1\/wp-json\/wp\/v2\/posts\/166035","targetHints":{"allow":["GET"]}}],"collection":[{"href":"https:\/\/www.caririemacao.com\/1\/wp-json\/wp\/v2\/posts"}],"about":[{"href":"https:\/\/www.caririemacao.com\/1\/wp-json\/wp\/v2\/types\/post"}],"author":[{"embeddable":true,"href":"https:\/\/www.caririemacao.com\/1\/wp-json\/wp\/v2\/users\/1"}],"replies":[{"embeddable":true,"href":"https:\/\/www.caririemacao.com\/1\/wp-json\/wp\/v2\/comments?post=166035"}],"version-history":[{"count":1,"href":"https:\/\/www.caririemacao.com\/1\/wp-json\/wp\/v2\/posts\/166035\/revisions"}],"predecessor-version":[{"id":166042,"href":"https:\/\/www.caririemacao.com\/1\/wp-json\/wp\/v2\/posts\/166035\/revisions\/166042"}],"wp:featuredmedia":[{"embeddable":true,"href":"https:\/\/www.caririemacao.com\/1\/wp-json\/wp\/v2\/media\/166039"}],"wp:attachment":[{"href":"https:\/\/www.caririemacao.com\/1\/wp-json\/wp\/v2\/media?parent=166035"}],"wp:term":[{"taxonomy":"category","embeddable":true,"href":"https:\/\/www.caririemacao.com\/1\/wp-json\/wp\/v2\/categories?post=166035"},{"taxonomy":"post_tag","embeddable":true,"href":"https:\/\/www.caririemacao.com\/1\/wp-json\/wp\/v2\/tags?post=166035"}],"curies":[{"name":"wp","href":"https:\/\/api.w.org\/{rel}","templated":true}]}}