{"id":166044,"date":"2020-04-27T10:07:04","date_gmt":"2020-04-27T13:07:04","guid":{"rendered":"https:\/\/www.caririemacao.com\/1\/?p=166044"},"modified":"2020-04-27T10:08:02","modified_gmt":"2020-04-27T13:08:02","slug":"mundo-se-aproxima-de-3-milhoes-de-casos-e-tem-206-mil-mortes","status":"publish","type":"post","link":"https:\/\/www.caririemacao.com\/1\/2020\/04\/27\/mundo-se-aproxima-de-3-milhoes-de-casos-e-tem-206-mil-mortes\/","title":{"rendered":"Coronav\u00edrus: Mundo se aproxima de 3 milh\u00f5es de casos e tem 206 mil mortes"},"content":{"rendered":"\n<p>O levantamento da universidade norte-americana Johns Hopkins desta segunda-feira (27) aponta que h\u00e1 mais de 2,9 milh\u00f5es de casos confirmados de coronav\u00edrus e mais de 206 mil mortes em todo o mundo por complica\u00e7\u00f5es da Covid-19.<\/p>\n\n\n\n<p>Quase um ter\u00e7o de todas as confirma\u00e7\u00f5es de casos de coronav\u00edrus do mundo est\u00e1 nos Estados Unidos. O pa\u00eds tem cerca de 965 mil confirma\u00e7\u00f5es e ao menos 54 mil mortes.<\/p>\n\n\n\n<p>No Brasil foram registradas 4,2 mil mortes provocadas pela Covid-19 e 60 mil casos confirmados da doen\u00e7a em todo o pa\u00eds,segundo o Minist\u00e9rio da Sa\u00fade.<\/p>\n\n\n\n<p>O Minist\u00e9rio da Sa\u00fade da Espanha anunciou nesta segunda-feira (27) mais 331 mortes por coronav\u00edrus nas \u00faltimas 24 horas, o que deixa em 23.521 o total de \u00f3bitos da pandemia. Os 288 falecimentos no domingo (26) haviam sido o menor n\u00famero em cinco semanas.<\/p>\n\n\n\n<p>O Ir\u00e3 registrou mais 96 mortes pelo coronav\u00edrus nas \u00faltimas 24 horas. O total agora \u00e9 de 5.806, al\u00e9m de mais de 91 mil infec\u00e7\u00f5es.<\/p>\n\n\n\n<p>A Nova Zel\u00e2ndia acredita estar muito perto da elimina\u00e7\u00e3o do coronav\u00edrus no pa\u00eds, j\u00e1 que os n\u00fameros da doen\u00e7a s\u00e3o quase nulos. Nesta segunda, as autoridades divulgaram mais um novo caso, outros quatro &#8220;prov\u00e1veis&#8221; e uma morte. Mesmo assim, o governo pede aten\u00e7\u00e3o para evitar uma nova onda de infec\u00e7\u00f5es.<\/p>\n\n\n\n<p>A Noruega reabriu nesta segunda-feira as escolas para um novo grupo de crian\u00e7as, de seis a dez anos, na nova etapa de uma normaliza\u00e7\u00e3o muito lenta e progressiva, que preocupa alguns pais. As aulas ser\u00e3o para no m\u00e1ximo 15 alunos.<\/p>\n\n\n\n<h2 class=\"wp-block-heading\">Choque com a ci\u00eancia<\/h2>\n\n\n\n<p>O ex-ministro da Sa\u00fade, Luiz Henrique Mandetta, afirmou que o presidente Jair Bolsonaro&nbsp;avaliou que as implica\u00e7\u00f5es econ\u00f4micas da pandemia seriam mais duras para a popula\u00e7\u00e3o do que as consequ\u00eancias na \u00e1rea da sa\u00fade. A avalia\u00e7\u00e3o do presidente levou a um atrito que culminou na exonera\u00e7\u00e3o do ministro.<\/p>\n\n\n\n<figure class=\"wp-block-image size-large\"><img decoding=\"async\" width=\"25\" height=\"17\" data-src=\"https:\/\/www.caririemacao.com\/1\/wp-content\/uploads\/2020\/04\/image-15.jpeg\" alt=\"O presidente da Rep\u00fablica, Jair Bolsonaro, ao lado do ent\u00e3o ministro da Sa\u00fade, Luiz Henrique Mandetta \u2014 Foto: DIDA SAMPAIO\/ESTAD\u00c3O CONTE\u00daDO\" class=\"wp-image-166045 lazyload\" title=\"O presidente da Rep\u00fablica, Jair Bolsonaro, ao lado do ent\u00e3o ministro da Sa\u00fade, Luiz Henrique Mandetta \u2014 Foto: DIDA SAMPAIO\/ESTAD\u00c3O CONTE\u00daDO\" src=\"data:image\/svg+xml;base64,PHN2ZyB3aWR0aD0iMSIgaGVpZ2h0PSIxIiB4bWxucz0iaHR0cDovL3d3dy53My5vcmcvMjAwMC9zdmciPjwvc3ZnPg==\" style=\"--smush-placeholder-width: 25px; --smush-placeholder-aspect-ratio: 25\/17;\" \/><\/figure>\n\n\n\n<figure class=\"wp-block-image\"><img decoding=\"async\" data-src=\"https:\/\/s2.glbimg.com\/fjYrzzIdlUxCOIFKUxq-gvWg-pM=\/0x0:5184x3456\/984x0\/smart\/filters:strip_icc()\/i.s3.glbimg.com\/v1\/AUTH_59edd422c0c84a879bd37670ae4f538a\/internal_photos\/bs\/2020\/A\/3\/fpMx4bSiO6c3DDp4dH4A\/age20200416074.jpg\" alt=\"O presidente da Rep\u00fablica, Jair Bolsonaro, ao lado do ent\u00e3o ministro da Sa\u00fade, Luiz Henrique Mandetta \u2014 Foto: DIDA SAMPAIO\/ESTAD\u00c3O CONTE\u00daDO\" title=\"O presidente da Rep\u00fablica, Jair Bolsonaro, ao lado do ent\u00e3o ministro da Sa\u00fade, Luiz Henrique Mandetta \u2014 Foto: DIDA SAMPAIO\/ESTAD\u00c3O CONTE\u00daDO\" src=\"data:image\/svg+xml;base64,PHN2ZyB3aWR0aD0iMSIgaGVpZ2h0PSIxIiB4bWxucz0iaHR0cDovL3d3dy53My5vcmcvMjAwMC9zdmciPjwvc3ZnPg==\" class=\"lazyload\" \/><\/figure>\n\n\n\n<p>O presidente da Rep\u00fablica, Jair Bolsonaro, ao lado do ent\u00e3o ministro da Sa\u00fade, Luiz Henrique Mandetta \u2014 Foto: DIDA SAMPAIO\/ESTAD\u00c3O CONTE\u00daDO<\/p>\n\n\n\n<p>\u201cN\u00f3s fizemos o nosso minist\u00e9rio em cima de tr\u00eas pilares: uma defesa intransigente da vida, uma defesa intransigente do SUS e uma defesa intransigente da ci\u00eancia. O comportamento do presidente bateu de frente com a ci\u00eancia, com o SUS e com a vida\u201d, afirmou Mandetta em uma live do Movimento Brasil Livre (MBL) na noite de domingo (26).<\/p>\n\n\n\n<p>A partir da\u00ed, na avalia\u00e7\u00e3o do ex-ministro \u201cficou imposs\u00edvel\u201d. \u201c\u201dEu n\u00e3o podia sair das minhas prerrogativas e ele n\u00e3o podia sair das dele. Ent\u00e3o, ele resolveu substituir o ministro, n\u00e3o o Luiz Henquie Mandetta, mas acho que ele exonerou ali a ci\u00eancia, que a gente estava tentando seguir\u201d, declarou.<\/p>\n\n\n\n<h2 class=\"wp-block-heading\">Pelo mundo<\/h2>\n\n\n\n<p>O primeiro-ministro do Reino Unido, Boris Johnson, recuperado da Covid-19,&nbsp;retomou nesta segunda-feira (27) o comando do governo&nbsp;e da controversa gest\u00e3o do combate \u00e0 pandemia de coronav\u00edrus, com a declara\u00e7\u00e3o de que o pa\u00eds &#8220;come\u00e7ou a inverter a tend\u00eancia&#8221;, mas deve prosseguir com o confinamento.<\/p>\n\n\n\n<p>Mais de 200 m\u00e9dicos e pessoal da sa\u00fade de Cuba&nbsp;chegaram \u00e0 \u00c1frica do Sul, nesta segunda-feira (27), para participar da luta contra o novo coronav\u00edrus no pa\u00eds mais afetado pela pandemia na \u00c1frica<\/p>\n\n\n\n<p>A Austr\u00e1lia&nbsp;<a href=\"https:\/\/g1.globo.com\/mundo\/noticia\/2020\/04\/27\/australia-lanca-aplicativo-para-rastrear-casos-do-novo-coronavirus.ghtml\">lan\u00e7ou um aplicativo para smartphones<\/a>&nbsp;destinado a rastrear os contatos das pessoas infectadas com o novo coronav\u00edrus, com o objetivo de romper a cadeia de contamina\u00e7\u00e3o.<\/p>\n\n\n\n<h2 class=\"wp-block-heading\">Destaques da segunda:<\/h2>\n\n\n\n<ul class=\"wp-block-list\"><li><strong>Mundo tem mais de 2,9 milh\u00f5es<\/strong>&nbsp;de casos e ao menos 206 mil mortes<\/li><li><strong>Brasil soma 60 mil infec\u00e7\u00f5es e 4,2 mil mortes<\/strong><\/li><li>China anuncia mais 11 casos e&nbsp;<strong>11\u00ba dia consecutivo sem registrar mortes<\/strong><\/li><li><strong>Argentina estende quarentena<\/strong>&nbsp;at\u00e9 10 de maio, mas prev\u00ea leve flexibiliza\u00e7\u00e3o<\/li><li>O governo&nbsp;<strong>iraniano planeja reabrir mesquitas<\/strong>&nbsp;em partes do pa\u00eds<\/li><li>Primeiro-ministro indiano&nbsp;<strong>pede que cidad\u00e3os fiquem em casa<\/strong><\/li><li>Miami Beach, nos EUA,&nbsp;<strong>mant\u00e9m o fechamento das praias<\/strong>&nbsp;at\u00e9 junho<\/li><li>Nova York registrou 367 novas mortes,&nbsp;<strong>o n\u00famero mais baixo desde 31 de mar\u00e7o<\/strong><\/li><li>It\u00e1lia come\u00e7a a aliviar restri\u00e7\u00f5es&nbsp;<strong>no dia 4 de maio<\/strong><\/li><li>Contrariando a OMS, Chile distribui certificado para quem j\u00e1 se curou da Covid-19<\/li><\/ul>\n\n\n\n<p>Com O Globo<\/p>\n","protected":false},"excerpt":{"rendered":"<p>O levantamento da universidade norte-americana Johns Hopkins desta segunda-feira (27) aponta que h\u00e1 mais de 2,9 milh\u00f5es de casos confirmados de coronav\u00edrus e mais de&hellip; <\/p>\n","protected":false},"author":1,"featured_media":166052,"comment_status":"closed","ping_status":"closed","sticky":false,"template":"","format":"standard","meta":{"sfsi_plus_gutenberg_text_before_share":"","sfsi_plus_gutenberg_show_text_before_share":"","sfsi_plus_gutenberg_icon_type":"","sfsi_plus_gutenberg_icon_alignemt":"","sfsi_plus_gutenburg_max_per_row":"","footnotes":""},"categories":[50],"tags":[],"class_list":["post-166044","post","type-post","status-publish","format-standard","has-post-thumbnail","hentry","category-destaque"],"_links":{"self":[{"href":"https:\/\/www.caririemacao.com\/1\/wp-json\/wp\/v2\/posts\/166044","targetHints":{"allow":["GET"]}}],"collection":[{"href":"https:\/\/www.caririemacao.com\/1\/wp-json\/wp\/v2\/posts"}],"about":[{"href":"https:\/\/www.caririemacao.com\/1\/wp-json\/wp\/v2\/types\/post"}],"author":[{"embeddable":true,"href":"https:\/\/www.caririemacao.com\/1\/wp-json\/wp\/v2\/users\/1"}],"replies":[{"embeddable":true,"href":"https:\/\/www.caririemacao.com\/1\/wp-json\/wp\/v2\/comments?post=166044"}],"version-history":[{"count":2,"href":"https:\/\/www.caririemacao.com\/1\/wp-json\/wp\/v2\/posts\/166044\/revisions"}],"predecessor-version":[{"id":166054,"href":"https:\/\/www.caririemacao.com\/1\/wp-json\/wp\/v2\/posts\/166044\/revisions\/166054"}],"wp:featuredmedia":[{"embeddable":true,"href":"https:\/\/www.caririemacao.com\/1\/wp-json\/wp\/v2\/media\/166052"}],"wp:attachment":[{"href":"https:\/\/www.caririemacao.com\/1\/wp-json\/wp\/v2\/media?parent=166044"}],"wp:term":[{"taxonomy":"category","embeddable":true,"href":"https:\/\/www.caririemacao.com\/1\/wp-json\/wp\/v2\/categories?post=166044"},{"taxonomy":"post_tag","embeddable":true,"href":"https:\/\/www.caririemacao.com\/1\/wp-json\/wp\/v2\/tags?post=166044"}],"curies":[{"name":"wp","href":"https:\/\/api.w.org\/{rel}","templated":true}]}}